{"id":144813,"date":"2013-05-15T09:05:25","date_gmt":"2013-05-15T07:05:25","guid":{"rendered":"http:\/\/www.monblogdefille.com\/blog\/?p=144813"},"modified":"2013-05-18T09:15:27","modified_gmt":"2013-05-18T07:15:27","slug":"hot-de-printemps-les-yeux","status":"publish","type":"post","link":"https:\/\/www.monblogdefille.com\/blog\/hot-de-printemps-les-yeux\/","title":{"rendered":"Hot de printemps &#8211; les yeux"},"content":{"rendered":"<p><a href=\"http:\/\/www.monblogdefille.com\/blog\/wp-content\/uploads\/2013\/05\/hot-printemps-yeux.jpg\"><img loading=\"lazy\" decoding=\"async\" class=\"alignnone size-full wp-image-144814\" alt=\"hot printemps yeux\" src=\"http:\/\/www.monblogdefille.com\/blog\/wp-content\/uploads\/2013\/05\/hot-printemps-yeux.jpg\" width=\"600\" height=\"1977\" \/><\/a><\/p>\n<p style=\"text-align: center;\"><strong>Avec le code WONDER, -20% jusqu&rsquo;au 26 mai chez <a href=\"http:\/\/tidd.ly\/5e9f7d81\" target=\"_blank\" rel=\"noopener\">Sephora <\/a><\/strong><\/p>\n<p>Apr\u00e8s le \u00ab\u00a0<a href=\"http:\/\/www.monblogdefille.com\/blog\/hot-de-printemps-le-teint\" target=\"_blank\"><b>hot de printemps sp\u00e9cial teint<\/b><\/a>\u00ab\u00a0, voici un hot de printemps sp\u00e9cial yeux !<\/p>\n<p><strong>1<\/strong>. Si les fards tiennent moins bien sur vous quand il fait plus chaud (oui bon je me comprends, \u00e0 Paris on n&rsquo;en est pas encore l\u00e0 ;-)), la <a href=\"http:\/\/tidd.ly\/5e9f7d81\" target=\"_blank\" rel=\"noopener\"><b>base Too Faced de Too Faced<\/b><\/a> reste ma pr\u00e9f\u00e9r\u00e9e.<\/p>\n<p><strong>2<\/strong>. Si elle n&rsquo;est pas suffisamment costaud pour vous, le cran au-dessus c&rsquo;est la <a href=\"http:\/\/tidd.ly\/5e9f7d81\" target=\"_blank\" rel=\"noopener\"><b>Primer Potion d&rsquo;Urban Decay<\/b><\/a>, que j&rsquo;aime particuli\u00e8rement en couleur Sin (je l&rsquo;utilise d&rsquo;ailleurs seule comme fard \u00e0 paupi\u00e8res cr\u00e8me).<\/p>\n<p><strong>3<\/strong>. Si vous voulez des couleurs douces pour le printemps, cette <a href=\"http:\/\/tidd.ly\/5e9f7d81\" target=\"_blank\" rel=\"noopener\"><b>palette Too Faced<\/b> <\/a>est tr\u00e8s bien \u00e9quilibr\u00e9e en clairs, moyens et fonc\u00e9s.<\/p>\n<p><strong>4<\/strong>. M\u00eame style pour la <a href=\"http:\/\/tidd.ly\/5e9f7d81\" target=\"_blank\" rel=\"noopener\"><b>palette Oz Glinda d&rsquo;Urban Decay<\/b><\/a>.<\/p>\n<p><strong>5<\/strong>. Et si vous avez la paupi\u00e8re r\u00e9active ou sensible, cette <a href=\"http:\/\/tidd.ly\/5e9f7d81\" target=\"_blank\" rel=\"noopener\"><b>palette Bare Minerals<\/b><\/a> est tr\u00e8s bien foutue et permet plein de combos neutres, avec une excellente pigmentation.<\/p>\n<p><strong>6<\/strong>. 3 mascaras d\u00e9ments (cils magnifiques, pour plus de pr\u00e9cisions voir <a href=\"http:\/\/www.monblogdefille.com\/blog\/decouvertes-et-favoris-avril-2013\" target=\"_blank\"><strong>cette vid\u00e9o<\/strong><\/a>) : <a href=\"http:\/\/tinyurl.com\/hxs4u9f\" target=\"_blank\" rel=\"noopener\"><b>Diorshow Iconic Overcurl<\/b><\/a>, <a href=\"http:\/\/tinyurl.com\/jqn4mub\" target=\"_blank\" rel=\"noopener\"><b>Benefit They&rsquo;re Real<\/b><\/a>, <a href=\"http:\/\/bit.ly\/15EYhWy\" target=\"_blank\" rel=\"noopener\"><b>YSL Baby Doll<\/b><\/a>.<\/p>\n<p><strong>7<\/strong>. Je ne sais pas pourquoi, je me maquille plus souvent avec des fards cr\u00e8mes l&rsquo;\u00e9t\u00e9 que l&rsquo;hiver&#8230; et comme vous savez, j&rsquo;aime \u00e9norm\u00e9ment les <a href=\"http:\/\/tinyurl.com\/hebpnlo\" target=\"_blank\" rel=\"noopener\"><b>Ombres cr\u00e8mes satin\u00e9es de Shiseido<\/b><\/a>.<\/p>\n<p><strong>8<\/strong>. Ah il y a aussi les <a href=\"http:\/\/tinyurl.com\/zspq2oc\" target=\"_blank\" rel=\"noopener\"><b>Eyes to Kill d&rsquo;Armani<\/b><\/a> ! Les couleurs sont \u00e0 tomber par terre !<\/p>\n<p><strong>9<\/strong>. &#8230; et si vous en avez marre des neutres, la <a href=\"http:\/\/tidd.ly\/5e9f7d81\" target=\"_blank\" rel=\"noopener\"><b>Palette Technicolore de Make Up Forever<\/b><\/a> est faite pour vous ;-)<\/p>\n<p><strong>10<\/strong>. Plus discr\u00e8te mais color\u00e9e aussi, la palette <a href=\"http:\/\/tidd.ly\/5e9f7d81\" target=\"_blank\" rel=\"noopener\"><b>The Wild Thing de Bare Minerals<\/b><\/a>.<\/p>\n<p>&nbsp;<\/p>\n","protected":false},"excerpt":{"rendered":"<p><a href=\"http:\/\/www.monblogdefille.com\/blog\/wp-content\/uploads\/2013\/05\/hot-printemps-yeux.jpg\"><img loading=\"lazy\" decoding=\"async\" class=\"alignnone size-full wp-image-144814\" alt=\"hot printemps yeux\" src=\"http:\/\/www.monblogdefille.com\/blog\/wp-content\/uploads\/2013\/05\/hot-printemps-yeux.jpg\" width=\"600\" height=\"1977\" \/><\/a><\/p>\n","protected":false},"author":3,"featured_media":144814,"comment_status":"open","ping_status":"open","sticky":false,"template":"","format":"standard","meta":{"footnotes":""},"categories":[1485,20108],"tags":[19939,20070],"class_list":["post-144813","post","type-post","status-publish","format-standard","has-post-thumbnail","hentry","category-le-maquillage","category-shopping-beaute-belle-sans-souffrir","tag-fard-a-paupieres","tag-shopping-beaute"],"_links":{"self":[{"href":"https:\/\/www.monblogdefille.com\/blog\/wp-json\/wp\/v2\/posts\/144813","targetHints":{"allow":["GET"]}}],"collection":[{"href":"https:\/\/www.monblogdefille.com\/blog\/wp-json\/wp\/v2\/posts"}],"about":[{"href":"https:\/\/www.monblogdefille.com\/blog\/wp-json\/wp\/v2\/types\/post"}],"author":[{"embeddable":true,"href":"https:\/\/www.monblogdefille.com\/blog\/wp-json\/wp\/v2\/users\/3"}],"replies":[{"embeddable":true,"href":"https:\/\/www.monblogdefille.com\/blog\/wp-json\/wp\/v2\/comments?post=144813"}],"version-history":[{"count":0,"href":"https:\/\/www.monblogdefille.com\/blog\/wp-json\/wp\/v2\/posts\/144813\/revisions"}],"wp:featuredmedia":[{"embeddable":true,"href":"https:\/\/www.monblogdefille.com\/blog\/wp-json\/wp\/v2\/media\/144814"}],"wp:attachment":[{"href":"https:\/\/www.monblogdefille.com\/blog\/wp-json\/wp\/v2\/media?parent=144813"}],"wp:term":[{"taxonomy":"category","embeddable":true,"href":"https:\/\/www.monblogdefille.com\/blog\/wp-json\/wp\/v2\/categories?post=144813"},{"taxonomy":"post_tag","embeddable":true,"href":"https:\/\/www.monblogdefille.com\/blog\/wp-json\/wp\/v2\/tags?post=144813"}],"curies":[{"name":"wp","href":"https:\/\/api.w.org\/{rel}","templated":true}]}}