{"id":143964,"date":"2013-02-19T08:45:46","date_gmt":"2013-02-19T07:45:46","guid":{"rendered":"http:\/\/www.monblogdefille.com\/blog\/?p=143964"},"modified":"2013-02-25T09:46:33","modified_gmt":"2013-02-25T08:46:33","slug":"comment-vous-mettez-votre-fond-de-teint","status":"publish","type":"post","link":"https:\/\/www.monblogdefille.com\/blog\/comment-vous-mettez-votre-fond-de-teint\/","title":{"rendered":"Comment vous mettez votre fond de teint ?"},"content":{"rendered":"<p>Je me demande si je ne vous ai pas d\u00e9j\u00e0 pos\u00e9 la question ?<br \/>\nMais voir Tanya dire r\u00e9cemment qu&rsquo;au quotidien elle posait le sien \u00e0 la main, alors que perso je le fais toujours <a href=\"http:\/\/tidd.ly\/5e9f7d81\" target=\"_blank\" rel=\"noopener\"><strong>au pinceau<\/strong><\/a> (sauf en cas de produit nouveau, que j&rsquo;ai besoin de \u00ab\u00a0sentir\u00a0\u00bb avec mes mains la premi\u00e8re fois), m&rsquo;a fait m&rsquo;interroger sur les habitudes des uns et des autres (oui des uns, pas des unes, gr\u00e2ce au ciel les mecs aussi ont le droit de porter du fond de teint &#8211; et comme les filles, ils sont plus beaux avec que sans ;-).<\/p>\n<p>[poll id=\u00a0\u00bb30&Prime;]<\/p>\n","protected":false},"excerpt":{"rendered":"<p>Je me demande si je ne vous ai pas d\u00e9j\u00e0 pos\u00e9 la question ? Mais voir Tanya dire r\u00e9cemment qu&rsquo;au quotidien elle posait le sien \u00e0 la main, alors que perso je le fais toujours&#8230;<br \/> <a class=\"read-more\" href=\"https:\/\/www.monblogdefille.com\/blog\/comment-vous-mettez-votre-fond-de-teint\/\">Lire la suite \u00bb<\/a><\/p>\n","protected":false},"author":3,"featured_media":0,"comment_status":"open","ping_status":"open","sticky":false,"template":"","format":"standard","meta":{"footnotes":""},"categories":[1485,20074],"tags":[20088],"class_list":["post-143964","post","type-post","status-publish","format-standard","hentry","category-le-maquillage","category-sondages","tag-fond-de-teint"],"_links":{"self":[{"href":"https:\/\/www.monblogdefille.com\/blog\/wp-json\/wp\/v2\/posts\/143964","targetHints":{"allow":["GET"]}}],"collection":[{"href":"https:\/\/www.monblogdefille.com\/blog\/wp-json\/wp\/v2\/posts"}],"about":[{"href":"https:\/\/www.monblogdefille.com\/blog\/wp-json\/wp\/v2\/types\/post"}],"author":[{"embeddable":true,"href":"https:\/\/www.monblogdefille.com\/blog\/wp-json\/wp\/v2\/users\/3"}],"replies":[{"embeddable":true,"href":"https:\/\/www.monblogdefille.com\/blog\/wp-json\/wp\/v2\/comments?post=143964"}],"version-history":[{"count":0,"href":"https:\/\/www.monblogdefille.com\/blog\/wp-json\/wp\/v2\/posts\/143964\/revisions"}],"wp:attachment":[{"href":"https:\/\/www.monblogdefille.com\/blog\/wp-json\/wp\/v2\/media?parent=143964"}],"wp:term":[{"taxonomy":"category","embeddable":true,"href":"https:\/\/www.monblogdefille.com\/blog\/wp-json\/wp\/v2\/categories?post=143964"},{"taxonomy":"post_tag","embeddable":true,"href":"https:\/\/www.monblogdefille.com\/blog\/wp-json\/wp\/v2\/tags?post=143964"}],"curies":[{"name":"wp","href":"https:\/\/api.w.org\/{rel}","templated":true}]}}