{"id":142202,"date":"2012-10-15T08:45:24","date_gmt":"2012-10-15T06:45:24","guid":{"rendered":"http:\/\/www.monblogdefille.com\/blog\/?p=142202"},"modified":"2012-10-14T11:30:06","modified_gmt":"2012-10-14T09:30:06","slug":"palette-dior-pour-tatiana","status":"publish","type":"post","link":"https:\/\/www.monblogdefille.com\/blog\/palette-dior-pour-tatiana\/","title":{"rendered":"Palette Dior pour Tatiana"},"content":{"rendered":"<p><a href=\"http:\/\/www.monblogdefille.com\/blog\/wp-content\/uploads\/2012\/10\/palette-dior-tatiana.png\"><img loading=\"lazy\" decoding=\"async\" class=\"alignnone size-full wp-image-142203\" title=\"palette dior tatiana\" src=\"http:\/\/www.monblogdefille.com\/blog\/wp-content\/uploads\/2012\/10\/palette-dior-tatiana.png\" alt=\"\" width=\"330\" height=\"276\" \/><\/a><\/p>\n<p>\u00ab\u00a0Bonjour les filles,<\/p>\n<p>Je m&rsquo;adresse \u00e0 vous dans un \u00e9lan de dernier espoir&#8230;<\/p>\n<p>Je recherch\u00e9 d\u00e9sesp\u00e9r\u00e9ment une palette de fards <strong>DIOR 5 couleurs (2008-2009) qui porte le nom Night Butterfly (num\u00e9ro 173)<\/strong>, j\u2019en suis une grande adepte (un peu comme H\u00e9l\u00e8ne et sa cr\u00e8me Comfort on Call de Clinique).<\/p>\n<p>Ce n\u2019\u00e9tait qu\u2019une \u00e9dition limit\u00e9e et bien que j\u2019en ai achet\u00e9 2 elle ont \u00e9t\u00e9 \u00a0victimes de leur succ\u00e8s\u2026 J\u2019en ai plus\u2026<\/p>\n<p>Je lance donc un <strong>cris d\u2019espoir \u00e0 toutes celles qui dans leur tiroirs ont une palette de fards Night Buttefly &#8211; 173 Dior<\/strong> dont elles ne se servent pas ou plus \u2026\u2026<br \/>\nJe suis pr\u00eate \u00e0 racheter m\u00eame les palettes tr\u00e8s us\u00e9es du moment ou il vous reste la couleur situ\u00e9e dans l\u2019angle inf\u00e9rieur droit (prune-aubergine).<\/p>\n<p>Merci a toutes\u00a0!<\/p>\n<p>Sign\u00e9 : Tatiana\u00a0\u00bb<\/p>\n","protected":false},"excerpt":{"rendered":"<p><img loading=\"lazy\" decoding=\"async\" class=\"alignnone size-full wp-image-123889\" title=\"wanted3\" src=\"http:\/\/www.monblogdefille.com\/blog\/wp-content\/uploads\/2008\/03\/wanted3.jpg\" alt=\"wanted3\" width=\"166\" height=\"200\" \/><\/p>\n","protected":false},"author":3,"featured_media":142203,"comment_status":"open","ping_status":"open","sticky":false,"template":"","format":"standard","meta":{"footnotes":""},"categories":[20009,1502],"tags":[],"class_list":["post-142202","post","type-post","status-publish","format-standard","has-post-thumbnail","hentry","category-beaute","category-wanted"],"_links":{"self":[{"href":"https:\/\/www.monblogdefille.com\/blog\/wp-json\/wp\/v2\/posts\/142202","targetHints":{"allow":["GET"]}}],"collection":[{"href":"https:\/\/www.monblogdefille.com\/blog\/wp-json\/wp\/v2\/posts"}],"about":[{"href":"https:\/\/www.monblogdefille.com\/blog\/wp-json\/wp\/v2\/types\/post"}],"author":[{"embeddable":true,"href":"https:\/\/www.monblogdefille.com\/blog\/wp-json\/wp\/v2\/users\/3"}],"replies":[{"embeddable":true,"href":"https:\/\/www.monblogdefille.com\/blog\/wp-json\/wp\/v2\/comments?post=142202"}],"version-history":[{"count":0,"href":"https:\/\/www.monblogdefille.com\/blog\/wp-json\/wp\/v2\/posts\/142202\/revisions"}],"wp:featuredmedia":[{"embeddable":true,"href":"https:\/\/www.monblogdefille.com\/blog\/wp-json\/wp\/v2\/media\/142203"}],"wp:attachment":[{"href":"https:\/\/www.monblogdefille.com\/blog\/wp-json\/wp\/v2\/media?parent=142202"}],"wp:term":[{"taxonomy":"category","embeddable":true,"href":"https:\/\/www.monblogdefille.com\/blog\/wp-json\/wp\/v2\/categories?post=142202"},{"taxonomy":"post_tag","embeddable":true,"href":"https:\/\/www.monblogdefille.com\/blog\/wp-json\/wp\/v2\/tags?post=142202"}],"curies":[{"name":"wp","href":"https:\/\/api.w.org\/{rel}","templated":true}]}}