{"id":142152,"date":"2012-10-10T08:55:29","date_gmt":"2012-10-10T06:55:29","guid":{"rendered":"http:\/\/www.monblogdefille.com\/blog\/?p=142152"},"modified":"2013-11-19T12:38:18","modified_gmt":"2013-11-19T11:38:18","slug":"cest-lhistoire-du-fille-qui-vient-de-passer-la-pire-annee-de-sa-vie-et-en-meme-temps-la-plus-belle-par-fonfec","status":"publish","type":"post","link":"https:\/\/www.monblogdefille.com\/blog\/cest-lhistoire-du-fille-qui-vient-de-passer-la-pire-annee-de-sa-vie-et-en-meme-temps-la-plus-belle-par-fonfec\/","title":{"rendered":"C\u2019est l\u2019histoire d&rsquo;une fille, qui vient de passer la pire ann\u00e9e de sa vie et en m\u00eame temps la plus belle&#8230;, par Fonfec"},"content":{"rendered":"<p><img loading=\"lazy\" decoding=\"async\" class=\"alignnone size-full wp-image-128239\" title=\"o-toi-lectrice\" alt=\"o-toi-lectrice\" src=\"http:\/\/www.monblogdefille.com\/blog\/wp-content\/uploads\/2009\/07\/o-toi-lectrice.jpg\" width=\"500\" height=\"375\" \/><\/p>\n<p>\u00ab\u00a0Pour comprendre, il faut repartir dix ans en arri\u00e8re, je commence \u00e0 bosser dans les ann\u00e9es 2000 comme assistante de projet multim\u00e9dia avec mon boss, puis il monte une boite de web avec mon petit copain qui deviendra mon mari. On se lance dans cette aventure et arrive \u00e0 d\u00e9velopper une sacr\u00e9e activit\u00e9 en bossant sans compter. Pendant 10 ans je travaille de 50 \u00e0 60 heures par semaines, je pars aux quatre coins de la France rencontrer nos clients et chaque ann\u00e9e je manage de plus en plus de monde&#8230; Jusqu\u2019au jours o\u00f9 on d\u00e9cide d\u2019avoir un enfant, et l\u00e0 j\u2019ai chang\u00e9 de m\u00e9tier en devenant maman.<\/p>\n<p>Alors non cela n\u2019a pas \u00e9t\u00e9 une \u00e9vidence car toute ma vie c\u2019\u00e9tait le boulot, et j\u2019avais d\u00e9cid\u00e9 que mon gamin allait suivre mon rythme :\u00a0 normal, j\u2019ai toujours manag\u00e9 mes clients, mes projets, mes collaborateurs et ma vie&#8230;<\/p>\n<p>Pourtant mon boss me propose de ne pas revenir toute de suite apr\u00e8s les 2,5 mois (pfff quelle id\u00e9e), puis il me dit que je peux faire un temps partiel (je me vexe quand il m\u2019en parle, il ne me trouve pas capable d\u2019assumer ou quoi ?)<\/p>\n<p>Apr\u00e8s la naissance de mon fils fin 2010, je continue \u00e0 faire \u00abmon petit soldat\u00bb, on d\u00e9m\u00e9nage quand mon fils a un mois, je fais mon retro planning avant la reprise du boulot, j\u2019ai une super nounou dans le m\u00eame immeuble que nous, et j\u2019optimise chaque heure de mes journ\u00e9es. Je reprends donc le boulot au maximum et j\u2019avance en serrant les dents car j\u2019ai un sacr\u00e9 challenge professionnel \u00e0 relever.<\/p>\n<p>J\u2019ai juste oubli\u00e9 de vous dire, que j\u2019ai une maladie g\u00e9n\u00e9tique qui ne m\u2019handicape pas tant que \u00e7a au quotidien : la maladie des os de verre (oui Am\u00e9lie Poulain, ou Unbreakable sont des films qui en parle). Je l\u2019ai dans sa forme la plus b\u00e9nigne, OK je me suis cass\u00e9e pas mal \u00e9tant petite ou \u00e0 l\u2019adolescence, mais la g\u00e9n\u00e9ticienne m\u2019a donn\u00e9 son feu vert.<\/p>\n<p>En mars 2012 j\u2019ai du \u00eatre op\u00e9r\u00e9e pour essayer de <a href=\"http:\/\/www.monblogdefille.com\/blog\/%C2%AB-et-je-coupe-le-son%E2%80%A6-%C2%BB-par-fonfec\" target=\"_blank\"><strong>r\u00e9cup\u00e9rer de l\u2019audition<\/strong><\/a>, quelques jours apr\u00e8s mon fils c\u2019est fait son premier pl\u00e2tre \u00e0 la jambe droite, c\u2019est \u00e0 ce moment l\u00e0 qu\u2019on s\u2019est dout\u00e9 qu\u2019il avait h\u00e9rit\u00e9 de mon fabuleux capital g\u00e9n\u00e9tique. Puis en mai le bras droit, puis quelques jours apr\u00e8s le coude gauche (donc deux pl\u00e2tres en m\u00eame temps), puis pour finir le \u00abgrand chelem\u00bb, d\u00e9but aout il a eu le tibia gauche dans le pl\u00e2tre.<\/p>\n<p>Alors rien de tr\u00e8s grave, mais en l\u2019espace d\u2019un mois, toute ma vie bien organis\u00e9e a vol\u00e9 en \u00e9clat, et j\u2019ai du me rendre \u00e0 l\u2019\u00e9vidence que mon r\u00f4le de maman devait prendre le pas sur tout le reste, mon enfant avait besoin de moi et je ne pouvais plus continuer ce rythme qui n\u2019\u00e9tait pas du tout adapt\u00e9e au rythme de mon enfant.<\/p>\n<p>Actuellement j\u2019ai repris le boulot en mi temps th\u00e9rapeutique (je suis en r\u00e9\u00e9ducation auditive), et lorsque je reprendrais le boulot, je ne demanderai pas un temps plein. Pour certaines c\u2019est une \u00e9vidence, et pour moi il a fallu que je traverse cette ann\u00e9e de m***** \u00e0 courir les h\u00f4pitaux pour enfin revoir mes priorit\u00e9s et passer une des plus belle ann\u00e9e de ma vie \u00e0 \u00eatre \u00e0 l\u2019\u00e9coute de mon fils. J\u2019adore mon boulot, je continuerai \u00e0 travailler avec plaisir, mais je saurais dire stop au bon moment. La vie m\u2019a rattrap\u00e9e, et j\u2019aime \u00e7a !<\/p>\n<p>Sign\u00e9 : Fonfec\u00a0\u00bb<\/p>\n","protected":false},"excerpt":{"rendered":"<p><img loading=\"lazy\" decoding=\"async\" class=\"alignnone size-full wp-image-128239\" title=\"o-toi-lectrice\" src=\"http:\/\/www.monblogdefille.com\/blog\/wp-content\/uploads\/2009\/07\/o-toi-lectrice.jpg\" alt=\"o-toi-lectrice\" width=\"500\" height=\"375\" \/><\/p>\n","protected":false},"author":3,"featured_media":128239,"comment_status":"open","ping_status":"open","sticky":false,"template":"","format":"standard","meta":{"footnotes":""},"categories":[5377],"tags":[],"class_list":["post-142152","post","type-post","status-publish","format-standard","has-post-thumbnail","hentry","category-o-toi-lectrice"],"_links":{"self":[{"href":"https:\/\/www.monblogdefille.com\/blog\/wp-json\/wp\/v2\/posts\/142152","targetHints":{"allow":["GET"]}}],"collection":[{"href":"https:\/\/www.monblogdefille.com\/blog\/wp-json\/wp\/v2\/posts"}],"about":[{"href":"https:\/\/www.monblogdefille.com\/blog\/wp-json\/wp\/v2\/types\/post"}],"author":[{"embeddable":true,"href":"https:\/\/www.monblogdefille.com\/blog\/wp-json\/wp\/v2\/users\/3"}],"replies":[{"embeddable":true,"href":"https:\/\/www.monblogdefille.com\/blog\/wp-json\/wp\/v2\/comments?post=142152"}],"version-history":[{"count":0,"href":"https:\/\/www.monblogdefille.com\/blog\/wp-json\/wp\/v2\/posts\/142152\/revisions"}],"wp:featuredmedia":[{"embeddable":true,"href":"https:\/\/www.monblogdefille.com\/blog\/wp-json\/wp\/v2\/media\/128239"}],"wp:attachment":[{"href":"https:\/\/www.monblogdefille.com\/blog\/wp-json\/wp\/v2\/media?parent=142152"}],"wp:term":[{"taxonomy":"category","embeddable":true,"href":"https:\/\/www.monblogdefille.com\/blog\/wp-json\/wp\/v2\/categories?post=142152"},{"taxonomy":"post_tag","embeddable":true,"href":"https:\/\/www.monblogdefille.com\/blog\/wp-json\/wp\/v2\/tags?post=142152"}],"curies":[{"name":"wp","href":"https:\/\/api.w.org\/{rel}","templated":true}]}}