{"id":142043,"date":"2012-09-30T08:59:43","date_gmt":"2012-09-30T06:59:43","guid":{"rendered":"http:\/\/www.monblogdefille.com\/blog\/?p=142043"},"modified":"2016-03-02T16:35:42","modified_gmt":"2016-03-02T15:35:42","slug":"decouvertes-et-favoris-de-septembre","status":"publish","type":"post","link":"https:\/\/www.monblogdefille.com\/blog\/decouvertes-et-favoris-de-septembre\/","title":{"rendered":"D\u00e9couvertes et favoris &#8211; septembre 2012"},"content":{"rendered":"<p><iframe loading=\"lazy\" width=\"940\" height=\"529\" src=\"https:\/\/www.youtube.com\/embed\/NI015sowIGc?feature=oembed\" frameborder=\"0\" allowfullscreen><\/iframe><\/p>\n<p>Abonnez-vous \u00e0 <a href=\"http:\/\/www.youtube.com\/user\/Helenemonblogdefille\" target=\"_blank\" rel=\"noopener\"><strong>ma cha\u00eene You Tube<\/strong><\/a>, vous ne raterez aucune vid\u00e9o et c&rsquo;est gratuit !<\/p>\n<p><span style=\"text-decoration: underline;\">Par ordre d&rsquo;apparition<\/span><\/p>\n<p><a href=\"http:\/\/ad.zanox.com\/ppc\/?17969997C1192347073T&amp;ULP=[[http:\/\/www.fr.clinique.com\/product\/1686\/4952\/Soins_Visage\/Soins_des_mains_et_du_corps\/Turnaround-Body-Smoothing-Cream\/index.tmpl?cm_mmc=Affiliation-_-Firstcoffe-_-0-_-0]]\" target=\"_blank\" rel=\"noopener\"><strong>Turnaround Body Clinique<\/strong><\/a><\/p>\n<p><a href=\"http:\/\/ad.zanox.com\/ppc\/?17969997C1192347073T&amp;ULP=[[http:\/\/www.sephora.fr\/Corps-Bain\/Hydratant-et-Nourrissant\/Creme-et-Lait\/Serum-Corps-Peau-Neuve\/P71111?cm_mmc=Affiliation-_-Firstcoffe-_-0-_-0]]\" target=\"_blank\" rel=\"noopener\"><strong>S\u00e9rum Corps Peau Neuve Clarins<\/strong><\/a><\/p>\n<p><a href=\"http:\/\/action.metaffiliation.com\/suivi.php?mclic=S44B97532B2516&amp;redir=http%3A%2F%2Fwww.thebodyshop.fr%2Fpar-gamme%2Fchanvre%2Fcreme-protectrice-mains-chanvre.aspx\" target=\"_blank\" rel=\"noopener\"><strong>Cr\u00e8me pour les mains au chanvre Body Shop <\/strong><\/a>(10,50 \u20ac, pas 13 ;-)<\/p>\n<p><a href=\"http:\/\/ad.zanox.com\/ppc\/?17969997C1192347073T&amp;ULP=[[http:\/\/www.sephora.fr\/Maquillage\/Teint\/Fond-de-Teint\/Diorskin-Nude-Fond-de-Teint-Fluide-Teint-eclat-effet-peau-nue-FPS-15-SPF\/P1102002?cm_mmc=Affiliation-_-Firstcoffe-_-0-_-0]]\" target=\"_blank\" rel=\"noopener\"><strong>Fond de teint Nude Dior fluide<\/strong><\/a> (teinte 030)<\/p>\n<p><a href=\"http:\/\/www.helenarubinstein.com\/fr\/maquillage\/teint\/fond-de-teint\/prodigy-powercell-foundation.html\" target=\"_blank\" rel=\"noopener\"><strong>Prodigy Powercell Foundation Helena Rubinstein<\/strong><\/a> (teinte 20 beige vanille)<\/p>\n<p><strong><\/strong><strong>Color Wheel Ben Nye<\/strong> couleur SK 100 (chez <strong>Plein Fard<\/strong>, 7 rue de Courcelles \u00e0 Paris)<\/p>\n<p><strong>Poudre Benefit Powderflage<\/strong> (discontinu\u00e9e, mais dans certains Sepho il y en a encore au fond des tiroirs, et elle est aussi dispo sur<a href=\"http:\/\/www.amazon.co.uk\/Powderflage-BeneFit-Cosmetics-Diffusing-Concealer\/dp\/B001DVOUOC\" target=\"_blank\" rel=\"noopener\"><strong> Amazon UK<\/strong><\/a>, \u00e7a marche si on se d\u00e9connecte de son navigateur fran\u00e7ais &#8211; me demandez pas comment on fait, j&rsquo;ai jamais essay\u00e9 ;-) (merci Elo pour l&rsquo;info !)<\/p>\n<p>Pos\u00e9e au <a href=\"http:\/\/iherb.com\/p\/42483?rcode=gug558\" target=\"_blank\" rel=\"noopener\"><strong>Setting Brush Real Techniques<\/strong><\/a><\/p>\n<p>Je vous rappelle qu&rsquo;avec le <strong>code GUG558<\/strong>, vous avez 5$ de r\u00e9duc sur votre premi\u00e8re commande si elle fait moins de 40$, et 10$ de r\u00e9duc si elle d\u00e9passe les 40$.<\/p>\n<p><a href=\"http:\/\/ad.zanox.com\/ppc\/?17969997C1192347073T&amp;ULP=[[http:\/\/www.sephora.fr\/Maquillage\/Teint\/Poudre\/Razor-Sharp\/P102520?cm_mmc=Affiliation-_-Firstcoffe-_-0-_-0]]\" target=\"_blank\" rel=\"noopener\"><strong>Poudre libre Razor Sharp Urban Decay<\/strong><\/a><\/p>\n<p><a href=\"http:\/\/www.maccosmetics.fr\/product\/shaded\/151\/326\/Products\/Yeux\/Crayon\/Crayon-pour-les-yeux\/index.tmpl\" target=\"_blank\" rel=\"noopener\"><strong>Crayon yeux MAC Ebony<\/strong><\/a> (c&rsquo;est un brun noir)<\/p>\n<p><a href=\"http:\/\/www.maccosmetics.fr\/product\/shaded\/154\/17338\/Products\/Yeux\/Ombre-paupires\/Fard-paupires-Pro-Longwear\/index.tmpl\" target=\"_blank\" rel=\"noopener\"><strong>Fard MAC Pro Longwear Sweet Satisfaction<\/strong><\/a><\/p>\n<p><strong>Kit sourcils Catrice<\/strong> (achet\u00e9 chez DM en Allemagne)<\/p>\n<p><strong>Crayon sourcils Palladio taupe<\/strong> (yesssssss !!!!!! Marlena vend les crayons Palladio <a href=\"http:\/\/www.makeupgeek.com\/store\/eye-products\/brow-pencils.html\" target=\"_blank\" rel=\"noopener\"><strong>dans sa boutique<\/strong><\/a> !!!)<\/p>\n<p><a href=\"http:\/\/ad.zanox.com\/ppc\/?17969997C1192347073T&amp;ULP=[[http:\/\/www.sephora.fr\/Maquillage\/Yeux\/Eyeliner\/Dot-Liner\/P1123003?cm_mmc=Affiliation-_-Firstcoffe-_-0-_-0]]\" target=\"_blank\" rel=\"noopener\"><strong>Clarins 3 dot Liner<\/strong><\/a><\/p>\n<p><a href=\"http:\/\/www.blush.com\/product.php?prod_id=43133\" target=\"_blank\" rel=\"noopener\"><strong>Blush Tarte Tipsy<\/strong><\/a><\/p>\n<p><strong>Mascara myst\u00e8re<\/strong> sur les cils du haut<\/p>\n<p><a href=\"http:\/\/tinyurl.com\/jj7xdyc\" target=\"_blank\" rel=\"noopener\"><strong>Bottom Lash Mascara Clinique<\/strong><\/a> sur les cils du bas<\/p>\n<p><a href=\"http:\/\/ad.zanox.com\/ppc\/?17969997C1192347073T&amp;ULP=[[http:\/\/www.sephora.fr\/Maquillage\/Levres\/Rouge-a-Levres\/Rouge-a-levres-Terrybly\/P352003?cm_mmc=Affiliation-_-Firstcoffe-_-0-_-0]]\" target=\"_blank\" rel=\"noopener\"><strong>Rouge \u00e0 l\u00e8vres Terribly 400<\/strong><\/a><\/p>\n<p><a href=\"http:\/\/ad.zanox.com\/ppc\/?17969997C1192347073T&amp;ULP=[[http:\/\/www.sephora.fr\/Maquillage\/Levres\/Rouge-a-Levres\/Laque-de-Rouge\/P1097005?cm_mmc=Affiliation-_-Firstcoffe-_-0-_-0]]\" target=\"_blank\" rel=\"noopener\"><strong>Laque de rouge Shiseido<\/strong><\/a> RD 203 Portrait et BE 306 Caramel<\/p>\n<p><a href=\"http:\/\/ad.zanox.com\/ppc\/?17969997C1192347073T&amp;ULP=[[http:\/\/www.sephora.fr\/Maquillage\/Levres\/Rouge-a-Levres\/La-Creme-Rouge-a-levres\/P1065006?cm_mmc=Affiliation-_-Firstcoffe-_-0-_-0]]\" target=\"_blank\" rel=\"noopener\"><strong>Rouge \u00e0 l\u00e8vres Too Faced Juicy Melons<\/strong><\/a><\/p>\n<p><strong>Rouge \u00e0 l\u00e8vres Celebrity Beige, Collection Karl Lagerfeld pour Shu Uemura<\/strong><br \/>\n(en vente d\u00e9but novembre chez Colette, puis mi-novembre dans les points de vente habituels de la marque)<\/p>\n<p><span style=\"text-decoration: underline;\">Bijoux port\u00e9s <\/span><\/p>\n<p>Collier <a href=\"http:\/\/www.monblogdefille.com\/blog\/les-bijoux-panzavolta-mon-blog-de-fille\" target=\"_blank\"><strong>Panzavolta &amp; mon blog de fille<\/strong><\/a><\/p>\n<p>Bracelets <a href=\"http:\/\/modeoperatoire.over-blog.com\/article-wandering-stars-collection-ah-12-13-indie-110153517.html\" target=\"_blank\" rel=\"noopener\"><strong>Indie<\/strong> <\/a>et <a href=\"http:\/\/www.harpo-paris.com\/\" target=\"_blank\" rel=\"noopener\"><strong>Harpo<\/strong><\/a><\/p>\n<p>Bagues <a href=\"http:\/\/www.harpo-paris.com\/\" target=\"_blank\" rel=\"noopener\"><strong>Harpo<\/strong> <\/a>et vintage<\/p>\n<p>(et mon sweat vient de chez Zara, des fois que vous vous posiez la question &#8211; oui j&rsquo;ai vir\u00e9 les strass qu&rsquo;il y avait sur les \u00e9paules, j&rsquo;aimais pas ;-)<\/p>\n<p><a href=\"http:\/\/www.monblogdefille.com\/blog\/wp-content\/uploads\/2012\/09\/favoris-sept.jpg\"><img loading=\"lazy\" decoding=\"async\" class=\"alignnone size-full wp-image-142046\" title=\"favoris sept\" alt=\"\" src=\"http:\/\/www.monblogdefille.com\/blog\/wp-content\/uploads\/2012\/09\/favoris-sept.jpg\" width=\"520\" height=\"666\" \/><\/a><\/p>\n","protected":false},"excerpt":{"rendered":"<p><strong>POUR VOIR LA VIDEO DECOUVERTES ET FAVORIS SEPTEMBRE,<a href= \"http:\/\/www.monblogdefille.com\/blog\/decouvertes-et-favoris-de-septembre\" target=\"_self\"> CLIQUEZ ICI<\/a><\/strong><\/p>\n<p><a href=\"http:\/\/www.monblogdefille.com\/blog\/wp-content\/uploads\/2012\/09\/favoris-sept.jpg\"><img loading=\"lazy\" decoding=\"async\" class=\"alignnone size-full wp-image-142046\" title=\"favoris sept\" src=\"http:\/\/www.monblogdefille.com\/blog\/wp-content\/uploads\/2012\/09\/favoris-sept.jpg\" alt=\"\" width=\"520\" height=\"666\" \/><\/a><\/p>\n","protected":false},"author":3,"featured_media":142046,"comment_status":"open","ping_status":"open","sticky":false,"template":"","format":"standard","meta":{"footnotes":""},"categories":[20185,1485,1489,19978],"tags":[20127],"class_list":["post-142043","post","type-post","status-publish","format-standard","has-post-thumbnail","hentry","category-favoris","category-le-maquillage","category-le-soin","category-videos","tag-favoris"],"_links":{"self":[{"href":"https:\/\/www.monblogdefille.com\/blog\/wp-json\/wp\/v2\/posts\/142043","targetHints":{"allow":["GET"]}}],"collection":[{"href":"https:\/\/www.monblogdefille.com\/blog\/wp-json\/wp\/v2\/posts"}],"about":[{"href":"https:\/\/www.monblogdefille.com\/blog\/wp-json\/wp\/v2\/types\/post"}],"author":[{"embeddable":true,"href":"https:\/\/www.monblogdefille.com\/blog\/wp-json\/wp\/v2\/users\/3"}],"replies":[{"embeddable":true,"href":"https:\/\/www.monblogdefille.com\/blog\/wp-json\/wp\/v2\/comments?post=142043"}],"version-history":[{"count":0,"href":"https:\/\/www.monblogdefille.com\/blog\/wp-json\/wp\/v2\/posts\/142043\/revisions"}],"wp:featuredmedia":[{"embeddable":true,"href":"https:\/\/www.monblogdefille.com\/blog\/wp-json\/wp\/v2\/media\/142046"}],"wp:attachment":[{"href":"https:\/\/www.monblogdefille.com\/blog\/wp-json\/wp\/v2\/media?parent=142043"}],"wp:term":[{"taxonomy":"category","embeddable":true,"href":"https:\/\/www.monblogdefille.com\/blog\/wp-json\/wp\/v2\/categories?post=142043"},{"taxonomy":"post_tag","embeddable":true,"href":"https:\/\/www.monblogdefille.com\/blog\/wp-json\/wp\/v2\/tags?post=142043"}],"curies":[{"name":"wp","href":"https:\/\/api.w.org\/{rel}","templated":true}]}}