{"id":142027,"date":"2012-09-29T10:48:12","date_gmt":"2012-09-29T08:48:12","guid":{"rendered":"http:\/\/www.monblogdefille.com\/blog\/?p=142027"},"modified":"2020-05-31T15:28:21","modified_gmt":"2020-05-31T13:28:21","slug":"le-melasma-mise-a-jour-et-mises-au-point","status":"publish","type":"post","link":"https:\/\/www.monblogdefille.com\/blog\/le-melasma-mise-a-jour-et-mises-au-point\/","title":{"rendered":"Le melasma, mise \u00e0 jour et mises au point"},"content":{"rendered":"<p><iframe loading=\"lazy\" width=\"940\" height=\"529\" src=\"https:\/\/www.youtube.com\/embed\/FDnerhrFAPc?feature=oembed\" frameborder=\"0\" allowfullscreen><\/iframe><\/p>\n<p>Abonnez-vous \u00e0 <a href=\"http:\/\/www.youtube.com\/user\/Helenemonblogdefille\" target=\"_blank\" rel=\"noopener noreferrer\"><strong>ma cha\u00eene You Tube<\/strong><\/a>, vous ne raterez aucune vid\u00e9o et c&rsquo;est gratuit !<\/p>\n<p><a href=\"http:\/\/www.monblogdefille.com\/blog\/le-melasma\" target=\"_blank\" rel=\"noopener noreferrer\"><strong>Ma pr\u00e9c\u00e9dente vid\u00e9o sur le melasma<\/strong><\/a> (uhhhh, creepy ! ;-)))<\/p>\n<p><strong>Edit<\/strong> : regardez <a href=\"http:\/\/www.monblogdefille.com\/blog\/regardez-les-conneries-que-je-faisais-avec-le-soleil-quand-jetais-jeune-et-bete\" target=\"_blank\" rel=\"noopener noreferrer\"><strong>les conneries<\/strong><\/a> que je faisais avec le soleil quand j&rsquo;\u00e9tais jeune et b\u00eate !<\/p>\n<p><strong>Edit 2<\/strong> : &#8230; et regardez<a href=\"http:\/\/www.monblogdefille.com\/blog\/si-vous-aviez-encore-des-doutes\" target=\"_blank\" rel=\"noopener noreferrer\"><strong> l&rsquo;effet que \u00e7a peut avoir<\/strong><\/a> m\u00eame sans faire de conneries ;-)<\/p>\n<p>&nbsp;<\/p>\n<p>&nbsp;<\/p>\n","protected":false},"excerpt":{"rendered":"<p><strong>POUR VOIR LA VIDEO MELASMA,<a href=\"http:\/\/www.monblogdefille.com\/blog\/le-melasma-mise-a-jour-et-mises-au-point\" target=\"_self\" rel=\"noopener noreferrer\"> CLIQUEZ ICI<\/a><\/strong><\/p>\n","protected":false},"author":3,"featured_media":0,"comment_status":"open","ping_status":"open","sticky":false,"template":"","format":"standard","meta":{"footnotes":""},"categories":[1489,20158,19978],"tags":[20258,19961],"class_list":["post-142027","post","type-post","status-publish","format-standard","hentry","category-le-soin","category-soin","category-videos","tag-melasma","tag-soleil"],"_links":{"self":[{"href":"https:\/\/www.monblogdefille.com\/blog\/wp-json\/wp\/v2\/posts\/142027","targetHints":{"allow":["GET"]}}],"collection":[{"href":"https:\/\/www.monblogdefille.com\/blog\/wp-json\/wp\/v2\/posts"}],"about":[{"href":"https:\/\/www.monblogdefille.com\/blog\/wp-json\/wp\/v2\/types\/post"}],"author":[{"embeddable":true,"href":"https:\/\/www.monblogdefille.com\/blog\/wp-json\/wp\/v2\/users\/3"}],"replies":[{"embeddable":true,"href":"https:\/\/www.monblogdefille.com\/blog\/wp-json\/wp\/v2\/comments?post=142027"}],"version-history":[{"count":0,"href":"https:\/\/www.monblogdefille.com\/blog\/wp-json\/wp\/v2\/posts\/142027\/revisions"}],"wp:attachment":[{"href":"https:\/\/www.monblogdefille.com\/blog\/wp-json\/wp\/v2\/media?parent=142027"}],"wp:term":[{"taxonomy":"category","embeddable":true,"href":"https:\/\/www.monblogdefille.com\/blog\/wp-json\/wp\/v2\/categories?post=142027"},{"taxonomy":"post_tag","embeddable":true,"href":"https:\/\/www.monblogdefille.com\/blog\/wp-json\/wp\/v2\/tags?post=142027"}],"curies":[{"name":"wp","href":"https:\/\/api.w.org\/{rel}","templated":true}]}}