{"id":141614,"date":"2012-08-30T09:02:45","date_gmt":"2012-08-30T07:02:45","guid":{"rendered":"http:\/\/www.monblogdefille.com\/blog\/?p=141614"},"modified":"2012-08-29T11:54:44","modified_gmt":"2012-08-29T09:54:44","slug":"coiffeur-a-grenoble-pour-camille","status":"publish","type":"post","link":"https:\/\/www.monblogdefille.com\/blog\/coiffeur-a-grenoble-pour-camille\/","title":{"rendered":"Coiffeur \u00e0 Grenoble pour Camille"},"content":{"rendered":"<p>\u00ab\u00a0Bonjour \u00e0 toutes ! Bonjour H\u00e9l\u00e8ne !<\/p>\n<p>Me voil\u00e0 install\u00e9e depuis d\u00e9j\u00e0 quelques temps pr\u00e8s de Grenoble et je n&rsquo;ai toujours pas trouv\u00e9 un bon coiffeur ! Un qui sache \u00e9couter mes envies, respecter la nature de mes cheveux (ondul\u00e9s et \u00e9pais) et mes habitudes (s\u00e9chage \u00e0 l&rsquo;air libre, pas de brushing pas de lissage). Un qui soit capable, en tenant compte de tous ces param\u00e8tres, de me faire une coupe sympa et qui ne n\u00e9cessite pas trop d&rsquo;entretien !<\/p>\n<p>Donc si certaines d&rsquo;entre vous connaissent cette perle rare sur Grenoble (ou Chamb\u00e9ry), \u00e7a m&rsquo;aiderait beaucoup et \u00e7a m\u2019\u00f4terait le stress d&rsquo;essayer un nouveau coiffeur \u00e0 chaque fois sans savoir ce qui m&rsquo;attend !<\/p>\n<p>Merci d&rsquo;avance !<\/p>\n<p>Sign\u00e9 : Camille\u00a0\u00bb<\/p>\n","protected":false},"excerpt":{"rendered":"<p><img loading=\"lazy\" decoding=\"async\" class=\"alignnone size-full wp-image-123889\" title=\"wanted3\" src=\"http:\/\/www.monblogdefille.com\/blog\/wp-content\/uploads\/2008\/03\/wanted3.jpg\" alt=\"wanted3\" width=\"166\" height=\"200\" \/><\/p>\n","protected":false},"author":3,"featured_media":0,"comment_status":"open","ping_status":"open","sticky":false,"template":"","format":"standard","meta":{"footnotes":""},"categories":[20009,20095,1502],"tags":[19946],"class_list":["post-141614","post","type-post","status-publish","format-standard","hentry","category-beaute","category-les-cheveux","category-wanted","tag-cheveux"],"_links":{"self":[{"href":"https:\/\/www.monblogdefille.com\/blog\/wp-json\/wp\/v2\/posts\/141614","targetHints":{"allow":["GET"]}}],"collection":[{"href":"https:\/\/www.monblogdefille.com\/blog\/wp-json\/wp\/v2\/posts"}],"about":[{"href":"https:\/\/www.monblogdefille.com\/blog\/wp-json\/wp\/v2\/types\/post"}],"author":[{"embeddable":true,"href":"https:\/\/www.monblogdefille.com\/blog\/wp-json\/wp\/v2\/users\/3"}],"replies":[{"embeddable":true,"href":"https:\/\/www.monblogdefille.com\/blog\/wp-json\/wp\/v2\/comments?post=141614"}],"version-history":[{"count":0,"href":"https:\/\/www.monblogdefille.com\/blog\/wp-json\/wp\/v2\/posts\/141614\/revisions"}],"wp:attachment":[{"href":"https:\/\/www.monblogdefille.com\/blog\/wp-json\/wp\/v2\/media?parent=141614"}],"wp:term":[{"taxonomy":"category","embeddable":true,"href":"https:\/\/www.monblogdefille.com\/blog\/wp-json\/wp\/v2\/categories?post=141614"},{"taxonomy":"post_tag","embeddable":true,"href":"https:\/\/www.monblogdefille.com\/blog\/wp-json\/wp\/v2\/tags?post=141614"}],"curies":[{"name":"wp","href":"https:\/\/api.w.org\/{rel}","templated":true}]}}