{"id":140917,"date":"2012-07-11T08:36:50","date_gmt":"2012-07-11T06:36:50","guid":{"rendered":"http:\/\/www.monblogdefille.com\/blog\/?p=140917"},"modified":"2012-07-16T08:33:29","modified_gmt":"2012-07-16T06:33:29","slug":"quel-est-le-pire-fond-de-teint-que-vous-ayez-jamais-essaye","status":"publish","type":"post","link":"https:\/\/www.monblogdefille.com\/blog\/quel-est-le-pire-fond-de-teint-que-vous-ayez-jamais-essaye\/","title":{"rendered":"Quel est le pire fond de teint que vous ayez jamais essay\u00e9 ?"},"content":{"rendered":"<p><a href=\"http:\/\/www.monblogdefille.com\/blog\/wp-content\/uploads\/2012\/07\/kevyn-aucoin.jpg\"><img loading=\"lazy\" decoding=\"async\" class=\"alignnone size-full wp-image-140918\" title=\"kevyn aucoin\" src=\"http:\/\/www.monblogdefille.com\/blog\/wp-content\/uploads\/2012\/07\/kevyn-aucoin.jpg\" alt=\"\" width=\"520\" height=\"388\" \/><\/a><\/p>\n<p><em>(oui la photo est moche, c&rsquo;est fait expr\u00e8s parce que j&rsquo;aime pas le produit ;-)<\/em><\/p>\n<p>Convaincue par les cris extatiques de <a href=\"http:\/\/www.youtube.com\/user\/gossmakeupartist\/videos\" target=\"_blank\" rel=\"noopener\"><strong>Wayne<\/strong><\/a>, j&rsquo;ai fini par acheter le fond de teint <strong>Sensual Skin Enhancer de Kevyn Aucoin<\/strong>. Ca m&rsquo;a donc co\u00fbt\u00e9 une blinde vu que le produit est pas donn\u00e9, et que frais de port (j&rsquo;ai d\u00fb commander \u00e7a dieu sait o\u00f9 aux US, je me rappelle plus, \u00e7a doit bien faire deux mois) (je me suis bien gal\u00e9r\u00e9e pour trouver ma teinte, d&rsquo;ailleurs &#8211; et pas de surprise, j&rsquo;y suis pas arriv\u00e9e compl\u00e8tement).<\/p>\n<p>Ce truc est abominable, tout simplement : il est tellement \u00e9pais et p\u00e2teux que j&rsquo;ai d\u00fb tenir mon pinceau d&rsquo;une fa\u00e7on diff\u00e9rente pour avoir plus de force dans la main pour l&rsquo;\u00e9taler ! Evidemment j&rsquo;en ai mis peu comme il est conseill\u00e9, et ben m\u00eame comme \u00e7a c&rsquo;est juste du pl\u00e2tre, c&rsquo;est \u00e9pouvantable ! Ca marque les ridules, les pores (aucun fond de teint ne marque mes pores habituellement car ils sont peu visibles), ne se fond pas du tout \u00e0 la peau, juste nullissime.<\/p>\n<p>J&rsquo;avais l&rsquo;air d&rsquo;avoir 10 ans de plus et une peau d\u00e9gueulasse, je suis all\u00e9e me DEMAQUILLER tout de suite, ce qui ne m&rsquo;arrive\u00a0 jamais !<\/p>\n<p>Sensual, tu parles, jamais un produit n&rsquo;a aussi mal port\u00e9 son nom ;-))<\/p>\n<p>Et vous alors, c&rsquo;est quoi votre pire essai de fond de teint ?<\/p>\n","protected":false},"excerpt":{"rendered":"<p><a href=\"http:\/\/www.monblogdefille.com\/blog\/wp-content\/uploads\/2012\/07\/kevyn-aucoin.jpg\"><img loading=\"lazy\" decoding=\"async\" class=\"alignnone size-full wp-image-140918\" title=\"kevyn aucoin\" src=\"http:\/\/www.monblogdefille.com\/blog\/wp-content\/uploads\/2012\/07\/kevyn-aucoin.jpg\" alt=\"\" width=\"520\" height=\"388\" \/><\/a><\/p>\n","protected":false},"author":3,"featured_media":140918,"comment_status":"open","ping_status":"open","sticky":false,"template":"","format":"standard","meta":{"footnotes":""},"categories":[1485],"tags":[20088],"class_list":["post-140917","post","type-post","status-publish","format-standard","has-post-thumbnail","hentry","category-le-maquillage","tag-fond-de-teint"],"_links":{"self":[{"href":"https:\/\/www.monblogdefille.com\/blog\/wp-json\/wp\/v2\/posts\/140917","targetHints":{"allow":["GET"]}}],"collection":[{"href":"https:\/\/www.monblogdefille.com\/blog\/wp-json\/wp\/v2\/posts"}],"about":[{"href":"https:\/\/www.monblogdefille.com\/blog\/wp-json\/wp\/v2\/types\/post"}],"author":[{"embeddable":true,"href":"https:\/\/www.monblogdefille.com\/blog\/wp-json\/wp\/v2\/users\/3"}],"replies":[{"embeddable":true,"href":"https:\/\/www.monblogdefille.com\/blog\/wp-json\/wp\/v2\/comments?post=140917"}],"version-history":[{"count":0,"href":"https:\/\/www.monblogdefille.com\/blog\/wp-json\/wp\/v2\/posts\/140917\/revisions"}],"wp:featuredmedia":[{"embeddable":true,"href":"https:\/\/www.monblogdefille.com\/blog\/wp-json\/wp\/v2\/media\/140918"}],"wp:attachment":[{"href":"https:\/\/www.monblogdefille.com\/blog\/wp-json\/wp\/v2\/media?parent=140917"}],"wp:term":[{"taxonomy":"category","embeddable":true,"href":"https:\/\/www.monblogdefille.com\/blog\/wp-json\/wp\/v2\/categories?post=140917"},{"taxonomy":"post_tag","embeddable":true,"href":"https:\/\/www.monblogdefille.com\/blog\/wp-json\/wp\/v2\/tags?post=140917"}],"curies":[{"name":"wp","href":"https:\/\/api.w.org\/{rel}","templated":true}]}}