{"id":140785,"date":"2012-07-03T09:13:55","date_gmt":"2012-07-03T07:13:55","guid":{"rendered":"http:\/\/www.monblogdefille.com\/blog\/?p=140785"},"modified":"2012-07-03T09:14:03","modified_gmt":"2012-07-03T07:14:03","slug":"coiffeur-a-grenoble-pour-fantomas","status":"publish","type":"post","link":"https:\/\/www.monblogdefille.com\/blog\/coiffeur-a-grenoble-pour-fantomas\/","title":{"rendered":"Coiffeur \u00e0 Grenoble pour Fantomas"},"content":{"rendered":"<p>\u00ab\u00a0Bonjour \u00e0 toutes,<\/p>\n<p>&#8211; apr\u00e8s avoir demand\u00e9 \u00e0 toutes mes copines grenobloises l&rsquo;adresse d&rsquo;un bon coiffeur,<br \/>\n&#8211; apr\u00e8s une exp\u00e9rience malheureuse dans une grande cha\u00eene, de coloration rat\u00e9e (j&rsquo;ai demand\u00e9e \u00e0 la refaire et mon cuir chevelu s&rsquo;en souvient&#8230;),<br \/>\n&#8211; apr\u00e8s 3 ans chez un coiffeur du centre tellement snob que je revenais tr\u00e8s \u00e9nerv\u00e9e,<br \/>\n&#8211; apr\u00e8s avoir \u00e9cum\u00e9 Internet et ses sites de comparatifs de coiffeurs &#8211; tr\u00e8s peu renseign\u00e9s-,<\/p>\n<p>je me lance et m&rsquo;adresse \u00e0 VOUS.<\/p>\n<p>Y aurait-il des Grenobloises parmi les fid\u00e8les lectrices d&rsquo;H\u00e9l\u00e8ne ?<br \/>\nQui me conseilleraient un coiffeur sympa et cr\u00e9atif ?<\/p>\n<p>C&rsquo;est ma demande number one, mes cheveux \u00e9tant un de mes sujets quotidiens de pr\u00e9occupation mais je ne suis pas contre d&rsquo;autres adresses \u00ab\u00a0girlies \u00ab\u00a0(esth\u00e9ticienne , dermatologue &#8211; acn\u00e9 hormonal, quand tu nous tiens&#8230;-).<\/p>\n<p>Merci merci pour avoir pris le temps de lire mon Wanted et pour vos r\u00e9ponses.<\/p>\n<p>Bises.<\/p>\n<p>Fantomas.\u00a0\u00bb<\/p>\n","protected":false},"excerpt":{"rendered":"<p><img loading=\"lazy\" decoding=\"async\" class=\"alignnone size-full wp-image-123889\" title=\"wanted3\" src=\"http:\/\/www.monblogdefille.com\/blog\/wp-content\/uploads\/2008\/03\/wanted3.jpg\" alt=\"wanted3\" width=\"166\" height=\"200\" \/><\/p>\n","protected":false},"author":3,"featured_media":0,"comment_status":"open","ping_status":"open","sticky":false,"template":"","format":"standard","meta":{"footnotes":""},"categories":[20009,20095,1502],"tags":[19946],"class_list":["post-140785","post","type-post","status-publish","format-standard","hentry","category-beaute","category-les-cheveux","category-wanted","tag-cheveux"],"_links":{"self":[{"href":"https:\/\/www.monblogdefille.com\/blog\/wp-json\/wp\/v2\/posts\/140785","targetHints":{"allow":["GET"]}}],"collection":[{"href":"https:\/\/www.monblogdefille.com\/blog\/wp-json\/wp\/v2\/posts"}],"about":[{"href":"https:\/\/www.monblogdefille.com\/blog\/wp-json\/wp\/v2\/types\/post"}],"author":[{"embeddable":true,"href":"https:\/\/www.monblogdefille.com\/blog\/wp-json\/wp\/v2\/users\/3"}],"replies":[{"embeddable":true,"href":"https:\/\/www.monblogdefille.com\/blog\/wp-json\/wp\/v2\/comments?post=140785"}],"version-history":[{"count":0,"href":"https:\/\/www.monblogdefille.com\/blog\/wp-json\/wp\/v2\/posts\/140785\/revisions"}],"wp:attachment":[{"href":"https:\/\/www.monblogdefille.com\/blog\/wp-json\/wp\/v2\/media?parent=140785"}],"wp:term":[{"taxonomy":"category","embeddable":true,"href":"https:\/\/www.monblogdefille.com\/blog\/wp-json\/wp\/v2\/categories?post=140785"},{"taxonomy":"post_tag","embeddable":true,"href":"https:\/\/www.monblogdefille.com\/blog\/wp-json\/wp\/v2\/tags?post=140785"}],"curies":[{"name":"wp","href":"https:\/\/api.w.org\/{rel}","templated":true}]}}