{"id":139871,"date":"2012-04-16T09:14:09","date_gmt":"2012-04-16T07:14:09","guid":{"rendered":"http:\/\/www.monblogdefille.com\/blog\/?p=139871"},"modified":"2012-05-23T11:45:24","modified_gmt":"2012-05-23T09:45:24","slug":"ateliers-pour-les-mecs-chez-mac","status":"publish","type":"post","link":"https:\/\/www.monblogdefille.com\/blog\/ateliers-pour-les-mecs-chez-mac\/","title":{"rendered":"Ateliers pour les mecs chez MAC"},"content":{"rendered":"<p><a href=\"http:\/\/www.monblogdefille.com\/blog\/wp-content\/uploads\/2012\/04\/teint-mac.jpg\"><img loading=\"lazy\" decoding=\"async\" class=\"alignnone size-full wp-image-139872\" title=\"teint mac\" src=\"http:\/\/www.monblogdefille.com\/blog\/wp-content\/uploads\/2012\/04\/teint-mac.jpg\" alt=\"\" width=\"520\" height=\"199\" \/><\/a><\/p>\n<p>J&rsquo;ai propos\u00e9 \u00e0 Christian qu&rsquo;on fasse des <strong>ateliers maquillage pour les mecs<\/strong> pendant 3 jours.<br \/>\nParce que vous \u00eates un certain nombre \u00e0 me lire, \u00e0 regarder mes vid\u00e9os, \u00e0 vous int\u00e9resser au maquillage, et que peut-\u00eatre quelques conseils pros vous aideraient \u00e0 vous y retrouver encore plus.<\/p>\n<p>Tout le monde peut avoir besoin certains jours d&rsquo;un peu d&rsquo;anti cernes, d&rsquo;une meilleure mine ou ce genre de truc l\u00e9ger mais qui fait une vraie diff\u00e9rence (genre \u00ab\u00a0vous en mieux\u00a0\u00bb).<br \/>\nEt certains peuvent avoir envie d&rsquo;apprendre carr\u00e9ment \u00e0 faire un smoky, hey, pourquoi pas ? Gr\u00e2ce au ciel tout \u00e7a n&rsquo;est pas r\u00e9serv\u00e9 aux femmes.<\/p>\n<p>Je ne fais pas de pros\u00e9lytisme, je me fous compl\u00e8tement que les gens (qu&rsquo;ils soient des mecs ou des filles) aient envie de se maquiller ou pas ; mais ceux qui veulent le faire (qu&rsquo;ils soient des mecs ou des filles, bis) doivent pouvoir avoir acc\u00e8s \u00e0 des <strong>conseils de qualit\u00e9<\/strong>, c&rsquo;est important pour moi.<\/p>\n<p>Christian vous propose donc des <strong>ateliers gratuits les 19, 20 et 21 avril<\/strong>, dans sa boutique. Vous y apprendrez <strong>ce que vous voulez<\/strong>, ce qui est prioritaire ou amusant pour vous, c&rsquo;est vous qui choisissez.<\/p>\n<p>T\u00e9l\u00e9phonez d\u00e8s ce matin (ouverture : 11h) pour prendre <strong>rendez-vous de la part de mon blog de fille<\/strong> !<\/p>\n<p><strong>MAC Saint Michel<\/strong><br \/>\n22, boulevard Saint Michel<br \/>\n75006 Paris<br \/>\nM\u00e9tro Cluny La Sorbonne, St Michel ou Od\u00e9on<br \/>\n<strong>01.53.10.30.71<\/strong><\/p>\n<p>J&rsquo;esp\u00e8re que \u00e7a vous int\u00e9ressera, mes chers lecteurs masculins !<\/p>\n","protected":false},"excerpt":{"rendered":"<p><a href=\"http:\/\/www.monblogdefille.com\/blog\/wp-content\/uploads\/2012\/04\/teint-mac.jpg\"><img loading=\"lazy\" decoding=\"async\" class=\"alignnone size-full wp-image-139872\" title=\"teint mac\" src=\"http:\/\/www.monblogdefille.com\/blog\/wp-content\/uploads\/2012\/04\/teint-mac.jpg\" alt=\"\" width=\"520\" height=\"199\" \/><\/a><\/p>\n","protected":false},"author":3,"featured_media":139872,"comment_status":"open","ping_status":"open","sticky":false,"template":"","format":"standard","meta":{"footnotes":""},"categories":[14974,1485],"tags":[19963],"class_list":["post-139871","post","type-post","status-publish","format-standard","has-post-thumbnail","hentry","category-bons-plans","category-le-maquillage","tag-mac"],"_links":{"self":[{"href":"https:\/\/www.monblogdefille.com\/blog\/wp-json\/wp\/v2\/posts\/139871","targetHints":{"allow":["GET"]}}],"collection":[{"href":"https:\/\/www.monblogdefille.com\/blog\/wp-json\/wp\/v2\/posts"}],"about":[{"href":"https:\/\/www.monblogdefille.com\/blog\/wp-json\/wp\/v2\/types\/post"}],"author":[{"embeddable":true,"href":"https:\/\/www.monblogdefille.com\/blog\/wp-json\/wp\/v2\/users\/3"}],"replies":[{"embeddable":true,"href":"https:\/\/www.monblogdefille.com\/blog\/wp-json\/wp\/v2\/comments?post=139871"}],"version-history":[{"count":0,"href":"https:\/\/www.monblogdefille.com\/blog\/wp-json\/wp\/v2\/posts\/139871\/revisions"}],"wp:featuredmedia":[{"embeddable":true,"href":"https:\/\/www.monblogdefille.com\/blog\/wp-json\/wp\/v2\/media\/139872"}],"wp:attachment":[{"href":"https:\/\/www.monblogdefille.com\/blog\/wp-json\/wp\/v2\/media?parent=139871"}],"wp:term":[{"taxonomy":"category","embeddable":true,"href":"https:\/\/www.monblogdefille.com\/blog\/wp-json\/wp\/v2\/categories?post=139871"},{"taxonomy":"post_tag","embeddable":true,"href":"https:\/\/www.monblogdefille.com\/blog\/wp-json\/wp\/v2\/tags?post=139871"}],"curies":[{"name":"wp","href":"https:\/\/api.w.org\/{rel}","templated":true}]}}