{"id":139164,"date":"2012-03-01T08:27:28","date_gmt":"2012-03-01T07:27:28","guid":{"rendered":"http:\/\/www.monblogdefille.com\/blog\/?p=139164"},"modified":"2012-05-29T13:41:52","modified_gmt":"2012-05-29T11:41:52","slug":"le-retour-de-mon-estheticienne-bien-aimee","status":"publish","type":"post","link":"https:\/\/www.monblogdefille.com\/blog\/le-retour-de-mon-estheticienne-bien-aimee\/","title":{"rendered":"Le retour de mon esth\u00e9ticienne bien aim\u00e9e"},"content":{"rendered":"<p><img loading=\"lazy\" decoding=\"async\" class=\"aligncenter size-full wp-image-139165\" title=\"institut tout un monde\" src=\"http:\/\/www.monblogdefille.com\/blog\/wp-content\/uploads\/2012\/02\/institut-tout-un-monde.jpg\" alt=\"\" width=\"520\" height=\"355\" \/><\/p>\n<p><strong>Je crois que j&rsquo;ai cri\u00e9 \u00ab\u00a0oh my god\u00a0\u00bb<\/strong> \u00e0 voix haute en ouvrant le courrier m&rsquo;annon\u00e7ant l&rsquo;ouverture d&rsquo;un institut de beaut\u00e9 dans mon quartier.<\/p>\n<p>Parce que c&rsquo;est ma ch\u00e8re ch\u00e8re ch\u00e8re Elisabeth (dont<a href=\"http:\/\/www.monblogdefille.com\/blog\/mon-peche-mignon\" target=\"_blank\"> je vous parlais ici<\/a> au tout d\u00e9but de mon blog, je suis all\u00e9e chez elle pendant 7 ans), <strong>mon esth\u00e9ticienne pr\u00e9f\u00e9r\u00e9e au monde<\/strong> \u00a0qui avait h\u00e9las arr\u00eat\u00e9 son activit\u00e9 pendant quelques ann\u00e9es, qui ouvre cet institut.<\/p>\n<p>Depuis qu&rsquo;elle avait arr\u00eat\u00e9 le pr\u00e9c\u00e9dent, <strong>je faisais du nomadisme esth\u00e9tique<\/strong> sans jamais me trouver vraiment bien, \u00e0 part dans quelques endroits tr\u00e8s chers o\u00f9 je ne peux certes pas aller r\u00e9guli\u00e8rement.<br \/>\n<strong>Et qui ne sont jamais dans le 18\u00e8me arrondissement<\/strong>, ce qui oblige \u00e0 rentrer chez soi en m\u00e9tro, ce que je trouve toujours un peu duraille apr\u00e8s un soin hyper relaxant (en plus bonjour la t\u00eate qu&rsquo;on a souvent en sortant).<\/p>\n<p>L\u00e0 je vais pouvoir, comme avant, rentrer \u00e0 pied ; je suis contente, vous n&rsquo;imaginez pas ! En plus du fait, EVIDEMMENT, de<strong> retrouver Elisabeth<\/strong>, sa douceur, sa gentillesse, son professionnalisme. Elle n&rsquo;utilise d\u00e9sormais que des produits <strong>5 Mondes<\/strong>, mais elle fait aussi les <strong>\u00e9pilations<\/strong> \u00e0 la cire et ce genre de trucs classiques.<\/p>\n<p>Les soins visages co\u00fbtent 70 \u20ac l&rsquo;heure, le prix de base pour un institut dans mon quartier (uhhh non le 18\u00e8me n&rsquo;est pas du tout un quartier bon march\u00e9, en tout cas pas la partie Montmartre).<\/p>\n<p>Je crois bien que c&rsquo;est la meilleure nouvelle de ce d\u00e9but d&rsquo;ann\u00e9e !<\/p>\n<p><strong>Voil\u00e0 le coordonn\u00e9es de l&rsquo;endroit<\/strong>, pour les autres \u00ab\u00a0orphelines d&rsquo;esth\u00e9ticienne\u00a0\u00bb du 18\u00e8me :<\/p>\n<p><strong>Intitut Tout un Monde<\/strong> (elle a ouvert lundi, je me suis pr\u00e9cipit\u00e9e prendre un rendez-vous ; j&rsquo;y vais demain, youhou !)<br \/>\n37 rue Lamarck<br \/>\n75018 Paris<br \/>\n01.46.06.72.72<br \/>\nM\u00e9tro : Lamarck<\/p>\n<p><span style=\"text-decoration: underline;\"><strong>Edit du 2 mars \u00e0 17h33<\/strong><\/span> : je sors tout jute de mon soin, dieu que je suis contente d&rsquo;avoir retrouv\u00e9 Elisabeth !!<\/p>\n<p>Son <strong>toucher<\/strong> est toujours aussi professionnel et doux \u00e0 la fois, elle est<strong> toujours aussi attentionn\u00e9e<\/strong> \u00ab\u00a0vous \u00eates bien install\u00e9e ?\u00a0\u00bb, \u00ab\u00a0le produit que je vais appliquer est froid\u00a0\u00bb, \u00ab\u00a0je vais rallumer la lumi\u00e8re, attention \u00e0 vos yeux\u00a0\u00bb, ce genre de choses), vraiment elle est top.<\/p>\n<p>J&rsquo;ai fait un <strong>soin Ko Bi Do<\/strong> (1h30, anti-\u00e2ge, 85 \u20ac), les produits n&rsquo;avaient pas du tout le parfum fort que je craignais (\u00e7a peut arriver chez 5 Mondes), c&rsquo;est super relaxant et en m\u00eame temps stimulant et drainant, et il y a un massage des bras, des mains et des pieds (un vrai massage appuy\u00e9 hein, pas de effleurements l\u00e9gers &#8211; je d\u00e9teste les effleurements l\u00e9gers) pendant la pose du masque, c&rsquo;est un soin super complet !<\/p>\n<p><strong>Edit<\/strong> : voici <a href=\"http:\/\/www.monblogdefille.com\/blog\/wp-content\/uploads\/2012\/03\/tt1-monde-brochure.pdf\" target=\"_blank\"><strong>la carte des soins<\/strong><\/a>.<\/p>\n<p>&nbsp;<\/p>\n","protected":false},"excerpt":{"rendered":"<p><img loading=\"lazy\" decoding=\"async\" class=\"aligncenter size-full wp-image-139165\" title=\"institut tout un monde\" src=\"http:\/\/www.monblogdefille.com\/blog\/wp-content\/uploads\/2012\/02\/institut-tout-un-monde.jpg\" alt=\"\" width=\"520\" height=\"355\" \/><\/p>\n","protected":false},"author":3,"featured_media":139165,"comment_status":"open","ping_status":"open","sticky":false,"template":"","format":"standard","meta":{"footnotes":""},"categories":[20016],"tags":[20017],"class_list":["post-139164","post","type-post","status-publish","format-standard","has-post-thumbnail","hentry","category-spas-hammams-instituts","tag-instituts-hammams-et-spas"],"_links":{"self":[{"href":"https:\/\/www.monblogdefille.com\/blog\/wp-json\/wp\/v2\/posts\/139164","targetHints":{"allow":["GET"]}}],"collection":[{"href":"https:\/\/www.monblogdefille.com\/blog\/wp-json\/wp\/v2\/posts"}],"about":[{"href":"https:\/\/www.monblogdefille.com\/blog\/wp-json\/wp\/v2\/types\/post"}],"author":[{"embeddable":true,"href":"https:\/\/www.monblogdefille.com\/blog\/wp-json\/wp\/v2\/users\/3"}],"replies":[{"embeddable":true,"href":"https:\/\/www.monblogdefille.com\/blog\/wp-json\/wp\/v2\/comments?post=139164"}],"version-history":[{"count":0,"href":"https:\/\/www.monblogdefille.com\/blog\/wp-json\/wp\/v2\/posts\/139164\/revisions"}],"wp:featuredmedia":[{"embeddable":true,"href":"https:\/\/www.monblogdefille.com\/blog\/wp-json\/wp\/v2\/media\/139165"}],"wp:attachment":[{"href":"https:\/\/www.monblogdefille.com\/blog\/wp-json\/wp\/v2\/media?parent=139164"}],"wp:term":[{"taxonomy":"category","embeddable":true,"href":"https:\/\/www.monblogdefille.com\/blog\/wp-json\/wp\/v2\/categories?post=139164"},{"taxonomy":"post_tag","embeddable":true,"href":"https:\/\/www.monblogdefille.com\/blog\/wp-json\/wp\/v2\/tags?post=139164"}],"curies":[{"name":"wp","href":"https:\/\/api.w.org\/{rel}","templated":true}]}}