{"id":138505,"date":"2012-01-01T09:32:27","date_gmt":"2012-01-01T08:32:27","guid":{"rendered":"http:\/\/www.monblogdefille.com\/blog\/?p=138505"},"modified":"2012-07-25T11:29:24","modified_gmt":"2012-07-25T09:29:24","slug":"laser-au-havre-pour-claire","status":"publish","type":"post","link":"https:\/\/www.monblogdefille.com\/blog\/laser-au-havre-pour-claire\/","title":{"rendered":"Laser au Havre pour Claire"},"content":{"rendered":"<p>\u00ab\u00a0Bonjour \u00e0 toutes,<\/p>\n<p>J&rsquo;habite au Havre et cette ann\u00e9e, j&rsquo;ai d\u00e9cid\u00e9 d&rsquo;avoir recours \u00e0 l&rsquo;\u00e9pilation d\u00e9finitive.<\/p>\n<p>Est-ce que l&rsquo;une d&rsquo;entre vous conna\u00eet donc un (bon) dermato qui pratique cela sur le Havre ? Si oui, savez-vous quels sont les tarifs et les d\u00e9lais d&rsquo;attente pour les prises de rendez-vous ?<\/p>\n<p>S&rsquo;il n&rsquo;en existe pas sur Le Havre, je suis pr\u00eate \u00e0 aller jusqu&rsquo;\u00e0 Rouen. J&rsquo;ai donc les m\u00eames questions concernant les dermatos de Rouen.<\/p>\n<p>Merci beaucoup pour votre aide les filles !<\/p>\n<p>Sign\u00e9 : Claire\u00a0\u00bb<\/p>\n<p><strong>Important : bien s\u00fbr vous ne mettez aucun nom de m\u00e9decin dans les commentaires, c\u2019est ill\u00e9gal. Si vous avez des adresses \u00e0 communiquer \u00e0 Claire, passez par moi en m\u2019envoyant un mail.<\/strong><\/p>\n","protected":false},"excerpt":{"rendered":"<p><img loading=\"lazy\" decoding=\"async\" class=\"alignnone size-full wp-image-123889\" title=\"wanted3\" src=\"http:\/\/www.monblogdefille.com\/blog\/wp-content\/uploads\/2008\/03\/wanted3.jpg\" alt=\"wanted3\" width=\"166\" height=\"200\" \/><\/p>\n","protected":false},"author":3,"featured_media":0,"comment_status":"open","ping_status":"open","sticky":false,"template":"","format":"standard","meta":{"footnotes":""},"categories":[20009,1479,1502],"tags":[20120,19945],"class_list":["post-138505","post","type-post","status-publish","format-standard","hentry","category-beaute","category-poils-cils-sourcils","category-wanted","tag-epilation","tag-laser"],"_links":{"self":[{"href":"https:\/\/www.monblogdefille.com\/blog\/wp-json\/wp\/v2\/posts\/138505","targetHints":{"allow":["GET"]}}],"collection":[{"href":"https:\/\/www.monblogdefille.com\/blog\/wp-json\/wp\/v2\/posts"}],"about":[{"href":"https:\/\/www.monblogdefille.com\/blog\/wp-json\/wp\/v2\/types\/post"}],"author":[{"embeddable":true,"href":"https:\/\/www.monblogdefille.com\/blog\/wp-json\/wp\/v2\/users\/3"}],"replies":[{"embeddable":true,"href":"https:\/\/www.monblogdefille.com\/blog\/wp-json\/wp\/v2\/comments?post=138505"}],"version-history":[{"count":0,"href":"https:\/\/www.monblogdefille.com\/blog\/wp-json\/wp\/v2\/posts\/138505\/revisions"}],"wp:attachment":[{"href":"https:\/\/www.monblogdefille.com\/blog\/wp-json\/wp\/v2\/media?parent=138505"}],"wp:term":[{"taxonomy":"category","embeddable":true,"href":"https:\/\/www.monblogdefille.com\/blog\/wp-json\/wp\/v2\/categories?post=138505"},{"taxonomy":"post_tag","embeddable":true,"href":"https:\/\/www.monblogdefille.com\/blog\/wp-json\/wp\/v2\/tags?post=138505"}],"curies":[{"name":"wp","href":"https:\/\/api.w.org\/{rel}","templated":true}]}}