{"id":137547,"date":"2011-12-09T08:01:50","date_gmt":"2011-12-09T07:01:50","guid":{"rendered":"http:\/\/www.monblogdefille.com\/blog\/?p=137547"},"modified":"2012-10-21T15:11:06","modified_gmt":"2012-10-21T13:11:06","slug":"mon-nouveau-gloss-prefere","status":"publish","type":"post","link":"https:\/\/www.monblogdefille.com\/blog\/mon-nouveau-gloss-prefere\/","title":{"rendered":"Mon nouveau gloss pr\u00e9f\u00e9r\u00e9"},"content":{"rendered":"<p><img loading=\"lazy\" decoding=\"async\" class=\"alignnone size-full wp-image-137548\" title=\"gloss burberry\" src=\"http:\/\/www.monblogdefille.com\/blog\/wp-content\/uploads\/2011\/12\/gloss-burberry.jpg\" alt=\"\" width=\"520\" height=\"390\" \/><\/p>\n<p><strong>C&rsquo;est tellement rare que je trouve un gloss valable<\/strong> que \u00e7a valait carr\u00e9ment un billet.<\/p>\n<p>&#8211; Pas d&rsquo;odeur,<br \/>\n&#8211; pas de go\u00fbt,<br \/>\n&#8211; pas collant,<br \/>\n&#8211; super longue tenue (jamais vu un gloss qui tienne aussi longtemps), ne dess\u00e8che pas les l\u00e8vres (en ce moment j&rsquo;ai les l\u00e8vres aussi dess\u00e9ch\u00e9es que la peau, j&rsquo;ai presque l&rsquo;impression qu&rsquo;il me les prot\u00e8ge\/r\u00e9pare, serait-ce possible ??),<br \/>\n&#8211; couleur parfaite pour moi qui aime les l\u00e8vres nude,<br \/>\n&#8211; super joli seul ou sur plein de rouges \u00e0 l\u00e8vres.<\/p>\n<p>Rien \u00e0 redire, parfait.<\/p>\n<p><strong>Burberry Nude Beige 09<\/strong> (en exclu aux Galafs).<\/p>\n<p>Yep, c&rsquo;est tout ;-)<\/p>\n","protected":false},"excerpt":{"rendered":"<p><img loading=\"lazy\" decoding=\"async\" class=\"alignnone size-full wp-image-137548\" title=\"gloss burberry\" src=\"http:\/\/www.monblogdefille.com\/blog\/wp-content\/uploads\/2011\/12\/gloss-burberry.jpg\" alt=\"\" width=\"520\" height=\"390\" \/><\/p>\n","protected":false},"author":3,"featured_media":137548,"comment_status":"open","ping_status":"open","sticky":false,"template":"","format":"standard","meta":{"footnotes":""},"categories":[1485],"tags":[19938],"class_list":["post-137547","post","type-post","status-publish","format-standard","has-post-thumbnail","hentry","category-le-maquillage","tag-rouge-a-levres"],"_links":{"self":[{"href":"https:\/\/www.monblogdefille.com\/blog\/wp-json\/wp\/v2\/posts\/137547","targetHints":{"allow":["GET"]}}],"collection":[{"href":"https:\/\/www.monblogdefille.com\/blog\/wp-json\/wp\/v2\/posts"}],"about":[{"href":"https:\/\/www.monblogdefille.com\/blog\/wp-json\/wp\/v2\/types\/post"}],"author":[{"embeddable":true,"href":"https:\/\/www.monblogdefille.com\/blog\/wp-json\/wp\/v2\/users\/3"}],"replies":[{"embeddable":true,"href":"https:\/\/www.monblogdefille.com\/blog\/wp-json\/wp\/v2\/comments?post=137547"}],"version-history":[{"count":0,"href":"https:\/\/www.monblogdefille.com\/blog\/wp-json\/wp\/v2\/posts\/137547\/revisions"}],"wp:featuredmedia":[{"embeddable":true,"href":"https:\/\/www.monblogdefille.com\/blog\/wp-json\/wp\/v2\/media\/137548"}],"wp:attachment":[{"href":"https:\/\/www.monblogdefille.com\/blog\/wp-json\/wp\/v2\/media?parent=137547"}],"wp:term":[{"taxonomy":"category","embeddable":true,"href":"https:\/\/www.monblogdefille.com\/blog\/wp-json\/wp\/v2\/categories?post=137547"},{"taxonomy":"post_tag","embeddable":true,"href":"https:\/\/www.monblogdefille.com\/blog\/wp-json\/wp\/v2\/tags?post=137547"}],"curies":[{"name":"wp","href":"https:\/\/api.w.org\/{rel}","templated":true}]}}