{"id":137522,"date":"2011-12-08T08:15:09","date_gmt":"2011-12-08T07:15:09","guid":{"rendered":"http:\/\/www.monblogdefille.com\/blog\/?p=137522"},"modified":"2012-10-21T15:11:45","modified_gmt":"2012-10-21T13:11:45","slug":"concours-ombres-cremes-satinees-shiseido","status":"publish","type":"post","link":"https:\/\/www.monblogdefille.com\/blog\/concours-ombres-cremes-satinees-shiseido\/","title":{"rendered":"Concours Ombres Cr\u00e8mes Satin\u00e9es Shiseido"},"content":{"rendered":"<p>Les filles ! Vous aussi vous allez pouvoir vous maquiller avec ces petites merveilles (j&rsquo;ai fait des <a href=\"http:\/\/www.clubshiseido.fr\/blog\/jai-v%C3%A9cu-3-nouveaux-looks-avec-les-ombres-cr%C3%A8me-satin%C3%A9es?destination=taxonomy%2Fterm%2F205#blog-start\" target=\"_blank\" rel=\"noopener\">vid\u00e9os avec ces fards<\/a>, pour m\u00e9moire) !<\/p>\n<p><strong>Je vous propose un concours pour faire gagner \u00e0 3 d&rsquo;entre vous<\/strong>, 3 de ces fards magnifiques, dans les couleurs de votre choix (3 fards chacune, donc &#8211; je pr\u00e9cise parce que sinon c&rsquo;est l&rsquo;imbroglio de 3 qui et 3 quoi ? ;-)<\/p>\n<p><strong>Pour participer, regardez bien ces couleurs et leur histoire<\/strong> (Dick Page, le directeur artistique du maquillage Shiseido, s&rsquo;inspire de ses propres photos pour cr\u00e9er des couleurs, c&rsquo;est magnifique et po\u00e9tique), et racontez-moi en commentaire lesquelles vous choisiriez (3, donc),et pour faire quel type de look.<\/p>\n<p>Vous avez jusqu&rsquo;\u00e0 <strong>demain soir (vendredi 9) \u00e0 20h<\/strong>, go girls !<\/p>\n<p><img loading=\"lazy\" decoding=\"async\" class=\"alignnone size-full wp-image-137523\" title=\"mist-compo\" src=\"http:\/\/www.monblogdefille.com\/blog\/wp-content\/uploads\/2011\/12\/mist-compo.jpg\" alt=\"\" width=\"520\" height=\"259\" \/><\/p>\n<p><strong>Mist WT901<\/strong><em>\u00a0<\/em><br \/>\n<em>\u00a0\u00ab\u00a0Cette photo a \u00e9t\u00e9 prise au bord d&rsquo;un lac. (&#8230;) elle est presque monochrome (&#8230;). Pourtant on distingue une l\u00e9g\u00e8re coloration perl\u00e9e. J&rsquo;avais envie de jouer avec \u00e7a. Je voulais une couleur qui pourrait servir d&rsquo;illuminateur (&#8230;)\u00a0\u00bb<\/em><\/p>\n<p><img loading=\"lazy\" decoding=\"async\" class=\"alignnone size-full wp-image-137524\" title=\"magnolia-compo\" src=\"http:\/\/www.monblogdefille.com\/blog\/wp-content\/uploads\/2011\/12\/magnolia-compo.jpg\" alt=\"\" width=\"520\" height=\"259\" \/><\/p>\n<p><strong>Magnolia PK302<\/strong><em>\u00a0<\/em><br \/>\n<em>\u00ab\u00a0La teinte \u00ab\u00a0Magnolia\u00a0\u00bb est tr\u00e8s facile \u00e0 vivre. (&#8230;) je voulais faire \u00e9clater un rose lumineux. J&rsquo;ai photographi\u00e9 cette fleur dans mon jardin (&#8230;)\u00a0\u00bb<\/em><\/p>\n<p><img loading=\"lazy\" decoding=\"async\" class=\"alignnone size-full wp-image-137538\" title=\"Techno-Gold-GD803-compo\" src=\"http:\/\/www.monblogdefille.com\/blog\/wp-content\/uploads\/2011\/12\/Techno-Gold-GD803-compo.jpg\" alt=\"\" width=\"520\" height=\"259\" \/><\/p>\n<p><strong>Techno Gold GD803<\/strong><br \/>\n<em>\u00ab\u00a0(&#8230;) il y avait une moto et quelqu&rsquo;un l&rsquo;avait envelopp\u00e9e d&rsquo;une couverture de protection. Elle \u00e9tait de cet incroyable or brillant. (&#8230;) Cette impression m\u00e9tallique \u00e9tait \u00e9poustoufflante. J&rsquo;aimais vraiment l&rsquo;id\u00e9e d&rsquo;un or jaune brillant et claquant. (&#8230;) \u00ab\u00a0<\/em><\/p>\n<p><img loading=\"lazy\" decoding=\"async\" class=\"alignnone size-full wp-image-137525\" title=\"Meadow-BE204-compo\" src=\"http:\/\/www.monblogdefille.com\/blog\/wp-content\/uploads\/2011\/12\/Meadow-BE204-compo.jpg\" alt=\"\" width=\"520\" height=\"259\" \/><\/p>\n<p><strong>Meadow BE204<\/strong><br \/>\n<em>\u00ab\u00a0J&rsquo;ai pris la photo de ce champ de bl\u00e9 derri\u00e8re ma maison \u00e0 Long Island. (&#8230;) En \u00e9t\u00e9 l&rsquo;herbe est tr\u00e8s haute et la mani\u00e8re dont le soleil l&rsquo;\u00e9claire en fin de journ\u00e9e lui donne de merveilleux reflets.(&#8230;)\u00a0\u00bb<\/em><\/p>\n<p><img loading=\"lazy\" decoding=\"async\" class=\"alignnone size-full wp-image-137526\" title=\"purple-dawn-vi305-compo\" src=\"http:\/\/www.monblogdefille.com\/blog\/wp-content\/uploads\/2011\/12\/purple-dawn-vi305-compo.jpg\" alt=\"\" width=\"520\" height=\"259\" \/><\/p>\n<p><strong>Purple Dawn VI305<\/strong>\u00a0\u00bb<br \/>\n<em>\u00ab\u00a0(&#8230;) Je volais vers l&rsquo;Europe et il y avait cette \u00e9trange couleur de la lumi\u00e8re. J&rsquo;ai pris cette photo du hublot de l&rsquo;avion. Le soleil vient juste de dispara\u00eetre (&#8230;) Le flash a laiss\u00e9 une tra\u00een\u00e9e dor\u00e9e sur cette photo. Du coup le violet prend un accent perl\u00e9.\u00a0\u00bb <\/em><\/p>\n<p><img loading=\"lazy\" decoding=\"async\" class=\"alignnone size-full wp-image-137527\" title=\"leather-br306-compo\" src=\"http:\/\/www.monblogdefille.com\/blog\/wp-content\/uploads\/2011\/12\/leather-br306-compo.jpg\" alt=\"\" width=\"520\" height=\"259\" \/><\/p>\n<p><strong>Leather BR306<\/strong><br \/>\n<em>\u00ab\u00a0(&#8230;) j&rsquo;\u00e9tais obnubil\u00e9 par l&rsquo;id\u00e9e d&rsquo;un brun \u00ab\u00a0british\u00a0\u00bb. Alors, j&rsquo;ai photographi\u00e9 des chaussures, des sacs \u00e0 main, des coussins&#8230; et j&rsquo;ai fini par trouver LE brun&#8230; sur un canap\u00e9 en cuir. J&rsquo;aime la richesse et le luxe du cuir.\u00a0\u00bb<\/em><\/p>\n<p><img loading=\"lazy\" decoding=\"async\" class=\"alignnone size-full wp-image-137528\" title=\"Patina-GR707-compo\" src=\"http:\/\/www.monblogdefille.com\/blog\/wp-content\/uploads\/2011\/12\/Patina-GR707-compo.jpg\" alt=\"\" width=\"520\" height=\"259\" \/><\/p>\n<p><strong>Patina GR707<\/strong><br \/>\n<em>\u00ab\u00a0D\u00e9tails d&rsquo;argenterie et de plats en \u00e9tain. On dit qu&rsquo;il faut polir les pi\u00e8ces de m\u00e9tal patin\u00e9es par le temps. Moi, j&rsquo;aime la profondeur de leur opacit\u00e9.\u00a0\u00bb<\/em><\/p>\n<p><img loading=\"lazy\" decoding=\"async\" class=\"alignnone size-full wp-image-137529\" title=\"Moss-GR708-compo\" src=\"http:\/\/www.monblogdefille.com\/blog\/wp-content\/uploads\/2011\/12\/Moss-GR708-compo.jpg\" alt=\"\" width=\"520\" height=\"259\" \/><\/p>\n<p><strong>Moss GR708<\/strong><br \/>\n<em>\u00ab\u00a0Un rocher recouvert d&rsquo;une mousse vert vif en Islande. La teinte Moss est un vert assez flashy mais facile \u00e0 porter !\u00a0\u00bb<\/em><\/p>\n<p><img loading=\"lazy\" decoding=\"async\" class=\"alignnone size-full wp-image-137530\" title=\"Sable-BR709-compo\" src=\"http:\/\/www.monblogdefille.com\/blog\/wp-content\/uploads\/2011\/12\/Sable-BR709-compo.jpg\" alt=\"\" width=\"520\" height=\"259\" \/><\/p>\n<p><strong>Sable BR709<\/strong><br \/>\n<em>\u00ab\u00a0Plan rapproch\u00e9 d&rsquo;une pi\u00e8ce de fourrure. Ce n&rsquo;est pas de la zibeline -\u00ab\u00a0sable\u00a0\u00bb en anglais- mais j&rsquo;aime ce mot ! (&#8230;) une certaine id\u00e9e de luxe (&#8230;).\u00a0\u00bb<\/em><\/p>\n<p><img loading=\"lazy\" decoding=\"async\" class=\"alignnone size-full wp-image-137531\" title=\"Tin-SV810-compo\" src=\"http:\/\/www.monblogdefille.com\/blog\/wp-content\/uploads\/2011\/12\/Tin-SV810-compo.jpg\" alt=\"\" width=\"520\" height=\"259\" \/><\/p>\n<p><strong>Tin SV810<\/strong><br \/>\n<em>\u00ab\u00a0D\u00e9tail de barquettes \u00e0 emporter dans la vitrine d&rsquo;un traiteur ! Sur la photo, elles sont toutes empil\u00e9es. C&rsquo;est tout simplement du papier aluminium (&#8230;)\u00a0\u00bb <\/em><\/p>\n<p><img loading=\"lazy\" decoding=\"async\" class=\"alignnone size-full wp-image-137532\" title=\"Angel-BL711-compo\" src=\"http:\/\/www.monblogdefille.com\/blog\/wp-content\/uploads\/2011\/12\/Angel-BL711-compo.jpg\" alt=\"\" width=\"520\" height=\"259\" \/><\/p>\n<p><strong>Angel BL711<\/strong><br \/>\n<em>\u00ab\u00a0Il s&rsquo;agit d&rsquo;une bougie portugaise que j&rsquo;ai trouv\u00e9e \u00e0 New York. Elle repr\u00e9sente un buste de ch\u00e9rubin, je l&rsquo;ai donc appel\u00e9e \u00ab\u00a0Angel\u00a0\u00bb. La forme du visage est quelque peu \u00ab\u00a0\u00e9trange\u00a0\u00bb mais j&rsquo;ai \u00e9t\u00e9 fascin\u00e9 par sa couleur&#8230;\u00a0\u00bb<\/em><\/p>\n<p><img loading=\"lazy\" decoding=\"async\" class=\"alignnone size-full wp-image-137533\" title=\"Caviar-BK912-compo\" src=\"http:\/\/www.monblogdefille.com\/blog\/wp-content\/uploads\/2011\/12\/Caviar-BK912-compo.jpg\" alt=\"\" width=\"520\" height=\"259\" \/><\/p>\n<p><strong>Caviar BK912<\/strong><br \/>\n<em>\u00ab\u00a0Le caviar, synonyme de luxe par excellence, peut \u00eatre \u00e0 la fois \u00e9l\u00e9gant et somptueux, brut et provocant. Cette mati\u00e8re pr\u00e9cieuse s&rsquo;est montr\u00e9e particuli\u00e8rement photog\u00e9nique&#8230;\u00a0\u00bb<\/em><\/p>\n","protected":false},"excerpt":{"rendered":"<p><img loading=\"lazy\" decoding=\"async\" class=\"alignnone size-full wp-image-137523\" title=\"mist-compo\" src=\"http:\/\/www.monblogdefille.com\/blog\/wp-content\/uploads\/2011\/12\/mist-compo.jpg\" alt=\"\" width=\"520\" height=\"259\" \/><\/p>\n","protected":false},"author":3,"featured_media":137523,"comment_status":"open","ping_status":"open","sticky":false,"template":"","format":"standard","meta":{"footnotes":""},"categories":[14974,1485],"tags":[20082,19939,20091],"class_list":["post-137522","post","type-post","status-publish","format-standard","has-post-thumbnail","hentry","category-bons-plans","category-le-maquillage","tag-concours","tag-fard-a-paupieres","tag-shiseido"],"_links":{"self":[{"href":"https:\/\/www.monblogdefille.com\/blog\/wp-json\/wp\/v2\/posts\/137522","targetHints":{"allow":["GET"]}}],"collection":[{"href":"https:\/\/www.monblogdefille.com\/blog\/wp-json\/wp\/v2\/posts"}],"about":[{"href":"https:\/\/www.monblogdefille.com\/blog\/wp-json\/wp\/v2\/types\/post"}],"author":[{"embeddable":true,"href":"https:\/\/www.monblogdefille.com\/blog\/wp-json\/wp\/v2\/users\/3"}],"replies":[{"embeddable":true,"href":"https:\/\/www.monblogdefille.com\/blog\/wp-json\/wp\/v2\/comments?post=137522"}],"version-history":[{"count":0,"href":"https:\/\/www.monblogdefille.com\/blog\/wp-json\/wp\/v2\/posts\/137522\/revisions"}],"wp:featuredmedia":[{"embeddable":true,"href":"https:\/\/www.monblogdefille.com\/blog\/wp-json\/wp\/v2\/media\/137523"}],"wp:attachment":[{"href":"https:\/\/www.monblogdefille.com\/blog\/wp-json\/wp\/v2\/media?parent=137522"}],"wp:term":[{"taxonomy":"category","embeddable":true,"href":"https:\/\/www.monblogdefille.com\/blog\/wp-json\/wp\/v2\/categories?post=137522"},{"taxonomy":"post_tag","embeddable":true,"href":"https:\/\/www.monblogdefille.com\/blog\/wp-json\/wp\/v2\/tags?post=137522"}],"curies":[{"name":"wp","href":"https:\/\/api.w.org\/{rel}","templated":true}]}}