{"id":137437,"date":"2011-11-26T09:00:21","date_gmt":"2011-11-26T08:00:21","guid":{"rendered":"http:\/\/www.monblogdefille.com\/blog\/?p=137437"},"modified":"2013-12-11T18:17:13","modified_gmt":"2013-12-11T17:17:13","slug":"teint-lumineux-dautomne","status":"publish","type":"post","link":"https:\/\/www.monblogdefille.com\/blog\/teint-lumineux-dautomne\/","title":{"rendered":"Teint lumineux d&rsquo;automne"},"content":{"rendered":"<p><iframe loading=\"lazy\" width=\"940\" height=\"705\" src=\"https:\/\/www.youtube.com\/embed\/AQddNvLPnT8?feature=oembed\" frameborder=\"0\" allowfullscreen><\/iframe><\/p>\n<p><span style=\"text-decoration: underline;\">Teint<\/span><\/p>\n<p>MAC Strobe Cream (<a href=\"http:\/\/www.maccosmetics.fr\/product\/178\/364\/templatesproductsproductslandingtmpl\/templatesproductscategorytmpl\/templatesproductsmptmpl\/Hydratant-lumineux\/index.tmpl\" target=\"_blank\" rel=\"noopener\">dispo ici<\/a>)<\/p>\n<p>Fond de teint Nars Sheer Glow Santa Fe (<a href=\"http:\/\/ad.zanox.com\/ppc\/?17969997C1192347073T&amp;ULP=[[http:\/\/www.sephora.fr\/Maquillage\/Teint\/Fond-de-Teint\/Fond-de-teint-Illuminateur-Transparent\/P94103?cm_mmc=Affiliation-_-Firstcoffe-_-0-_-0]]\" target=\"_blank\" rel=\"noopener\">dispo ici<\/a>)<\/p>\n<p>Point Cealer Shu Uemura Medium light sand (chez Shu\u00a0 Bon March\u00e9, Galafs, et boutique 176 Bd saint Germain &#8211; ah tiens j&rsquo;ai trouv\u00e9 son prix, entre temps, il est \u00e0 29 \u20ac)<\/p>\n<p>Poudre press\u00e9e Pale Yellow du kit anti-cernes Bobbi Brown Warm Ivory (<a href=\"http:\/\/ad.zanox.com\/ppc\/?17969997C1192347073T&amp;ULP=[[http:\/\/www.sephora.fr\/Maquillage\/Teint\/Anti-Cernes-et-Correcteur\/Creamy-Concealer-Kit-Kit-Anti-cernes\/P471047?cm_mmc=Affiliation-_-Firstcoffe-_-0-_-0]]\" target=\"_blank\" rel=\"noopener\">dispo ici<\/a>)<\/p>\n<p>Poudre compacte MAC Mineralize skin finish Light Medium (<a href=\"http:\/\/www.maccosmetics.fr\/product\/shaded\/159\/1343\/templatesproductsproductslandingtmpl\/templatesproductscategorytmpl\/templatesproductsmptmpl\/Mineralize-Skinfinish-Naturel\/index.tmpl\" target=\"_blank\" rel=\"noopener\">dispo ici<\/a>)<\/p>\n<p>Blush Benefit Coralista (<a href=\"http:\/\/ad.zanox.com\/ppc\/?17969997C1192347073T&amp;ULP=[[http:\/\/www.sephora.fr\/Maquillage\/Teint\/Blush\/Poudre-Coralista\/P79905?cm_mmc=Affiliation-_-Firstcoffe-_-0-_-0]]\" target=\"_blank\" rel=\"noopener\">dispo ici<\/a>)<\/p>\n<p>Uplight Make Up Forever n\u00b0 11 (<a href=\"http:\/\/ad.zanox.com\/ppc\/?17969997C1192347073T&amp;ULP=[[http:\/\/www.sephora.fr\/Maquillage\/Teint\/Enlumineur\/Uplight-Gel-Enlumineur-Visage\/P400002?cm_mmc=Affiliation-_-Firstcoffe-_-0-_-0]]\" target=\"_blank\" rel=\"noopener\">dispo ici<\/a>)<\/p>\n<p><span style=\"text-decoration: underline;\">L\u00e8vres<\/span><\/p>\n<p>Rouge \u00e0 l\u00e8vres MAC Shy Girl (<a href=\"http:\/\/www.maccosmetics.fr\/product\/shaded\/168\/310\/templatesproductsproductslandingtmpl\/templatesproductscategorytmpl\/templatesproductsmptmpl\/Rouge-lvres\/index.tmpl\" target=\"_blank\" rel=\"noopener\">dispo ici<\/a>)<\/p>\n<p><span style=\"text-decoration: underline;\">Ongles<\/span><\/p>\n<p>OPI Thanks a Windmillion (Holland, f\u00e9vrier 2012)<\/p>\n","protected":false},"excerpt":{"rendered":"<p><strong>POUR VOIR LA VIDEO TEINT LUMINEUX D&rsquo;AUTOMNE,<a href= \"http:\/\/www.monblogdefille.com\/blog\/teint-lumineux-dautomne\" target=\"_self\"> CLIQUEZ ICI<\/a><\/strong><\/p>\n","protected":false},"author":3,"featured_media":0,"comment_status":"open","ping_status":"open","sticky":false,"template":"","format":"standard","meta":{"footnotes":""},"categories":[1485,20030,19978],"tags":[19975,20036],"class_list":["post-137437","post","type-post","status-publish","format-standard","hentry","category-le-maquillage","category-teint-et-divers","category-videos","tag-teint-parfait","tag-videos-maquillage"],"_links":{"self":[{"href":"https:\/\/www.monblogdefille.com\/blog\/wp-json\/wp\/v2\/posts\/137437","targetHints":{"allow":["GET"]}}],"collection":[{"href":"https:\/\/www.monblogdefille.com\/blog\/wp-json\/wp\/v2\/posts"}],"about":[{"href":"https:\/\/www.monblogdefille.com\/blog\/wp-json\/wp\/v2\/types\/post"}],"author":[{"embeddable":true,"href":"https:\/\/www.monblogdefille.com\/blog\/wp-json\/wp\/v2\/users\/3"}],"replies":[{"embeddable":true,"href":"https:\/\/www.monblogdefille.com\/blog\/wp-json\/wp\/v2\/comments?post=137437"}],"version-history":[{"count":0,"href":"https:\/\/www.monblogdefille.com\/blog\/wp-json\/wp\/v2\/posts\/137437\/revisions"}],"wp:attachment":[{"href":"https:\/\/www.monblogdefille.com\/blog\/wp-json\/wp\/v2\/media?parent=137437"}],"wp:term":[{"taxonomy":"category","embeddable":true,"href":"https:\/\/www.monblogdefille.com\/blog\/wp-json\/wp\/v2\/categories?post=137437"},{"taxonomy":"post_tag","embeddable":true,"href":"https:\/\/www.monblogdefille.com\/blog\/wp-json\/wp\/v2\/tags?post=137437"}],"curies":[{"name":"wp","href":"https:\/\/api.w.org\/{rel}","templated":true}]}}