{"id":136526,"date":"2011-09-21T08:07:47","date_gmt":"2011-09-21T06:07:47","guid":{"rendered":"http:\/\/www.monblogdefille.com\/blog\/?p=136526"},"modified":"2012-10-21T15:40:03","modified_gmt":"2012-10-21T13:40:03","slug":"matchmaster-el-verdicto","status":"publish","type":"post","link":"https:\/\/www.monblogdefille.com\/blog\/matchmaster-el-verdicto\/","title":{"rendered":"Matchmaster, El Verdicto *"},"content":{"rendered":"<p><img loading=\"lazy\" decoding=\"async\" class=\"alignnone size-full wp-image-136527\" title=\"matchmaster mac\" src=\"http:\/\/www.monblogdefille.com\/blog\/wp-content\/uploads\/2011\/09\/matchmaster-mac.jpg\" alt=\"\" width=\"520\" height=\"449\" \/><\/p>\n<p>Ah tiens, pour une fois je vais vous parler fond de teint sans faire de vid\u00e9o, aha, donnons-nous nos propre d\u00e9fis, youloulou ! (non j&rsquo;ai pas bu, c&rsquo;est juste l&rsquo;effet crise de manque internet).<\/p>\n<p>Or donc Matchmaster est le dernier fond de teint de MAC, que certaines d&rsquo;entre vous ont essay\u00e9 pendant les ateliers chez Christian, par exemple.<\/p>\n<p>Annonc\u00e9 comme r\u00e9volutionnaire parce que s&rsquo;adaptant \u00e0 la couleur de la peau, l&rsquo;internet mondial (et Christian) poussant des cris d&rsquo;extase devant le biniou.<\/p>\n<p>Alors bon c&rsquo;est un joli fond de teint, mais pour moi il ne vaut pas le Nars Sheer Glow.<\/p>\n<p>Why ?<\/p>\n<p>Bec\u00f4z le MAC est assez transparent ; \u00e0 mon avis il est bien pour les filles qui ont peur du fond de teint, ambiance \u00ab\u00a0\u00e7a va me boucher les pores et un troisi\u00e8me bras va pousser sur mes fesses fluorescentes\u00a0\u00bb (oui \u00e7a existe encore en presque 2012 &#8211; ann\u00e9e de la fin du monde selon monsieur-robes-en-ferraille, lul &#8211; les filles qui ont peur du fond de teint, pas les fesses fluorescentes \/ encore que j&rsquo;ai pas v\u00e9rifi\u00e9 celles de tout le monde). Ou celles qui ont une tr\u00e8s tr\u00e8s jolie peau et pas grand chose \u00e0 cacher (je parle toujours de la peau, restons concentr\u00e9es please).<\/p>\n<p>Bref, il est pas assez couvrant pour moi et je dois faire plus de corrections \u00e0 l&rsquo;anticernes que d&rsquo;habitude.<\/p>\n<p>En revanche le coup de s&rsquo;adapter c&rsquo;est pas du pipeau et \u00e7a m\u00e9rite d&rsquo;\u00eatre salu\u00e9, parce que l&rsquo;absence de pipeau cosm\u00e9to est rare, en presque 2012 : moi j&rsquo;ai le n\u00b02 qui est genre orange quand je le mets sur ma joue, et ben une fois bien \u00e9tir\u00e9 et estomp\u00e9, il se voit plus. Nickel. Et joli rendu en texture (vu que l\u00e9ger).<\/p>\n<p>Selon Yannick (un des maquilleurs qui \u00e9tait l\u00e0 pendant la derni\u00e8re soir\u00e9e), il ne faut pas le poudrer pour ne pas qu&rsquo;il ne perde son pouvoir d&rsquo;adaptation \u00e0 la peau et sa luminosit\u00e9. Je pense qu&rsquo;il a raison (dit-elle du haut de ses 3 jours d&rsquo;exp\u00e9rience, alors que le mec bosse chez MAC depuis genre 10 ans, lul again).<\/p>\n<p>Bref, si vous voulez un fond de teint l\u00e9ger et pas tellement couvrant, allez-y. Si comme moi vous pr\u00e9f\u00e9rez avoir la figure en plastique, n&rsquo;y allez pas ;-)<\/p>\n<p>* je sais, en r\u00e9alit\u00e9 en espagnol \u00e7a se dit veredicto. Mais je trouve que \u00e7a sonne mieux comme \u00e7a, ambiance \u00ab\u00a0Machete !\u00a0\u00bb (et pis de toute fa\u00e7on je parle pas espagnol mais italien, hin hin).<\/p>\n","protected":false},"excerpt":{"rendered":"<p><img loading=\"lazy\" decoding=\"async\" class=\"alignnone size-full wp-image-136527\" title=\"matchmaster mac\" src=\"http:\/\/www.monblogdefille.com\/blog\/wp-content\/uploads\/2011\/09\/matchmaster-mac.jpg\" alt=\"\" width=\"520\" height=\"449\" \/><\/p>\n","protected":false},"author":3,"featured_media":136527,"comment_status":"open","ping_status":"open","sticky":false,"template":"","format":"standard","meta":{"footnotes":""},"categories":[1485],"tags":[20088,19963,19975],"class_list":["post-136526","post","type-post","status-publish","format-standard","has-post-thumbnail","hentry","category-le-maquillage","tag-fond-de-teint","tag-mac","tag-teint-parfait"],"_links":{"self":[{"href":"https:\/\/www.monblogdefille.com\/blog\/wp-json\/wp\/v2\/posts\/136526","targetHints":{"allow":["GET"]}}],"collection":[{"href":"https:\/\/www.monblogdefille.com\/blog\/wp-json\/wp\/v2\/posts"}],"about":[{"href":"https:\/\/www.monblogdefille.com\/blog\/wp-json\/wp\/v2\/types\/post"}],"author":[{"embeddable":true,"href":"https:\/\/www.monblogdefille.com\/blog\/wp-json\/wp\/v2\/users\/3"}],"replies":[{"embeddable":true,"href":"https:\/\/www.monblogdefille.com\/blog\/wp-json\/wp\/v2\/comments?post=136526"}],"version-history":[{"count":0,"href":"https:\/\/www.monblogdefille.com\/blog\/wp-json\/wp\/v2\/posts\/136526\/revisions"}],"wp:featuredmedia":[{"embeddable":true,"href":"https:\/\/www.monblogdefille.com\/blog\/wp-json\/wp\/v2\/media\/136527"}],"wp:attachment":[{"href":"https:\/\/www.monblogdefille.com\/blog\/wp-json\/wp\/v2\/media?parent=136526"}],"wp:term":[{"taxonomy":"category","embeddable":true,"href":"https:\/\/www.monblogdefille.com\/blog\/wp-json\/wp\/v2\/categories?post=136526"},{"taxonomy":"post_tag","embeddable":true,"href":"https:\/\/www.monblogdefille.com\/blog\/wp-json\/wp\/v2\/tags?post=136526"}],"curies":[{"name":"wp","href":"https:\/\/api.w.org\/{rel}","templated":true}]}}