{"id":136495,"date":"2011-09-16T08:36:22","date_gmt":"2011-09-16T06:36:22","guid":{"rendered":"http:\/\/www.monblogdefille.com\/blog\/?p=136495"},"modified":"2012-10-21T15:41:34","modified_gmt":"2012-10-21T13:41:34","slug":"et-si-la-prochaine-egerie-de-make-up-for-ever-cetait-vous","status":"publish","type":"post","link":"https:\/\/www.monblogdefille.com\/blog\/et-si-la-prochaine-egerie-de-make-up-for-ever-cetait-vous\/","title":{"rendered":"Et si la prochaine \u00e9g\u00e9rie de Make up For Ever, c&rsquo;\u00e9tait vous ?"},"content":{"rendered":"<p><img loading=\"lazy\" decoding=\"async\" class=\"alignnone size-full wp-image-136496\" title=\"egerie hd make up forever\" src=\"http:\/\/www.monblogdefille.com\/blog\/wp-content\/uploads\/2011\/09\/egerie-hd-make-up-forever.jpg\" alt=\"\" width=\"520\" height=\"279\" \/><\/p>\n<p>Les enfants, Make Up For Ever, a d\u00e9cid\u00e9 de prendre un mannequin non professionnel pour repr\u00e9senter sa gamme HD en 2012. Si ce genre d&rsquo;aventure vous tente, \u00e7a sera peut-\u00eatre vous (et il n&rsquo;y a pas de limite d&rsquo;\u00e2ge) !<\/p>\n<p>Pour participer, envoyez 2 photos \u2013 1 maquill\u00e9e et 1 au naturel \u2013 en vous inscrivant sur <a href=\"http:\/\/www.makeupforever.fr\/\" target=\"_blank\" rel=\"noopener\"><strong>http:\/\/www.makeupforever.fr\/<\/strong><\/a>.<\/p>\n<p>Si vous devenez cette \u00e9g\u00e9rie, vous figurerez en pleine page dans plein de mags f\u00e9minins d\u00e8s f\u00e9vrier 2012 ; en plus, Casting.fr (partenaire de l&rsquo;op\u00e9ration) vous offrira un book VIP si vous voulez vous lancer dans une carri\u00e8re de mannequin beaut\u00e9 ; enfin, last but not least ;-) Make Up For Ever vous offrira un an de leurs produit, sans oublier une semaine de formation intensive \u00e0 l&rsquo;Academy (j&rsquo;ai fait, je valide \u00e0 mort) pour que le maquillage n\u2019ait plus jamais de secrets pour vous\u00a0!<\/p>\n<p>Il vous reste jusqu\u2019au <strong>30 Septembre 2011<\/strong> pour vous inscrire sur <a href=\"http:\/\/www.makeupforever.fr\/\" target=\"_blank\" rel=\"noopener\"><strong>http:\/\/www.makeupforever.fr\/<\/strong><\/a>.<\/p>\n<p>Et n\u2019oubliez pas de voter (ou de demander \u00e0 vos amis de voter pour vous\u00a0!)\u00a0: les 10 participantes ayant le plus de votes acc\u00e8deront d\u2019office \u00e0 la deuxi\u00e8me \u00e9tape d\u2019\u00e9limination, qui se d\u00e9roulera devant un jury d\u2019exception (pr\u00e9sid\u00e9 bien s\u00fbr par Dany Sanz, cr\u00e9atrice de la marque).<\/p>\n<p>Pour celles au quota de votes insuffisant\u00a0: rien n\u2019est perdu\u00a0! Un jury interne Make Up For Ever choisira 10 candidates additionnelles pour acc\u00e9der \u00e0 l\u2019\u00e9preuve \u00e9liminatoire.<\/p>\n<p>Le <strong>17 octobre<\/strong> prochain se tiendra \u00e0 Paris, aux Salons du Louvre, la demi-finale du Casting HD. Le jury fera son choix parmi les 20 candidates s\u00e9lectionn\u00e9es pour ne garder que 3 finalistes.<\/p>\n<p>Le <strong>15 novembre<\/strong> prochain aura lieu la finale qui d\u00e9terminera la grande gagnante. Cette finale aura lieu \u00e0 la boutique historique de Make Up For Ever, 5 Rue la Bo\u00e9tie (dans le 8\u00e8me \u00e0 Paris). Toute la presse beaut\u00e9 fran\u00e7aise sera l\u00e0 et chaque journaliste votera pour sa finaliste pr\u00e9f\u00e9r\u00e9e (j&rsquo;y serai aussi, j&rsquo;ai h\u00e2te ;-).<\/p>\n<p>Les votes seront comptabilis\u00e9s et enregistr\u00e9s sous contr\u00f4le d\u2019huissier. Une web s\u00e9rie sera diffus\u00e9e \u00e0 partir de d\u00e9cembre pour retracer les \u00e9tapes cl\u00e9s du casting et la gagnante sera r\u00e9v\u00e9l\u00e9e lors du dernier \u00e9pisode.<\/p>\n<p>Ca vous tente ?? Alors <strong>ATTENTION\u00a0<\/strong>: fermeture des inscriptions <strong>le 30 septembre 2011<\/strong>\u00a0!<\/p>\n<p>PS : je sais, la photo d&rsquo;illu est effroyable et est \u00e0 elle seule une insulte \u00e0 la gamme HD ;-)), mais j&rsquo;ai fait avec les moyens du bord pour montrer la page de candidature, sans montrer une candidate en particulier.<\/p>\n<p>PS 2 : non j&rsquo;ai toujours pas internet chez moi, je suis dans un cyber caf\u00e9 comme en Inde, ce qui explique mon absence (qui me d\u00e9sole !) dans les commentaires.<\/p>\n","protected":false},"excerpt":{"rendered":"<p><img loading=\"lazy\" decoding=\"async\" class=\"alignnone size-full wp-image-136496\" title=\"egerie hd make up forever\" src=\"http:\/\/www.monblogdefille.com\/blog\/wp-content\/uploads\/2011\/09\/egerie-hd-make-up-forever.jpg\" alt=\"\" width=\"520\" height=\"279\" \/><\/p>\n","protected":false},"author":3,"featured_media":136496,"comment_status":"open","ping_status":"open","sticky":false,"template":"","format":"standard","meta":{"footnotes":""},"categories":[1485],"tags":[20082,19988],"class_list":["post-136495","post","type-post","status-publish","format-standard","has-post-thumbnail","hentry","category-le-maquillage","tag-concours","tag-make-up-forever"],"_links":{"self":[{"href":"https:\/\/www.monblogdefille.com\/blog\/wp-json\/wp\/v2\/posts\/136495","targetHints":{"allow":["GET"]}}],"collection":[{"href":"https:\/\/www.monblogdefille.com\/blog\/wp-json\/wp\/v2\/posts"}],"about":[{"href":"https:\/\/www.monblogdefille.com\/blog\/wp-json\/wp\/v2\/types\/post"}],"author":[{"embeddable":true,"href":"https:\/\/www.monblogdefille.com\/blog\/wp-json\/wp\/v2\/users\/3"}],"replies":[{"embeddable":true,"href":"https:\/\/www.monblogdefille.com\/blog\/wp-json\/wp\/v2\/comments?post=136495"}],"version-history":[{"count":0,"href":"https:\/\/www.monblogdefille.com\/blog\/wp-json\/wp\/v2\/posts\/136495\/revisions"}],"wp:featuredmedia":[{"embeddable":true,"href":"https:\/\/www.monblogdefille.com\/blog\/wp-json\/wp\/v2\/media\/136496"}],"wp:attachment":[{"href":"https:\/\/www.monblogdefille.com\/blog\/wp-json\/wp\/v2\/media?parent=136495"}],"wp:term":[{"taxonomy":"category","embeddable":true,"href":"https:\/\/www.monblogdefille.com\/blog\/wp-json\/wp\/v2\/categories?post=136495"},{"taxonomy":"post_tag","embeddable":true,"href":"https:\/\/www.monblogdefille.com\/blog\/wp-json\/wp\/v2\/tags?post=136495"}],"curies":[{"name":"wp","href":"https:\/\/api.w.org\/{rel}","templated":true}]}}