{"id":136417,"date":"2011-09-08T08:26:43","date_gmt":"2011-09-08T06:26:43","guid":{"rendered":"http:\/\/www.monblogdefille.com\/blog\/?p=136417"},"modified":"2012-10-21T15:44:13","modified_gmt":"2012-10-21T13:44:13","slug":"soiree-mac-me-over-le-15-septembre","status":"publish","type":"post","link":"https:\/\/www.monblogdefille.com\/blog\/soiree-mac-me-over-le-15-septembre\/","title":{"rendered":"Soir\u00e9e MAC Me Over le 15 septembre !"},"content":{"rendered":"<p><img loading=\"lazy\" decoding=\"async\" class=\"alignnone size-full wp-image-136418\" title=\"macmeover1\" src=\"http:\/\/www.monblogdefille.com\/blog\/wp-content\/uploads\/2011\/09\/macmeover1.jpg\" alt=\"\" width=\"520\" height=\"337\" \/><img loading=\"lazy\" decoding=\"async\" class=\"alignnone size-full wp-image-136419\" title=\"macmeover2\" src=\"http:\/\/www.monblogdefille.com\/blog\/wp-content\/uploads\/2011\/09\/macmeover2.jpg\" alt=\"\" width=\"520\" height=\"337\" \/><img loading=\"lazy\" decoding=\"async\" class=\"alignnone size-full wp-image-136420\" title=\"macmeover3\" src=\"http:\/\/www.monblogdefille.com\/blog\/wp-content\/uploads\/2011\/09\/macmeover3.jpg\" alt=\"\" width=\"520\" height=\"337\" \/><img loading=\"lazy\" decoding=\"async\" class=\"alignnone size-full wp-image-136421\" title=\"macmeover4\" src=\"http:\/\/www.monblogdefille.com\/blog\/wp-content\/uploads\/2011\/09\/macmeover4.jpg\" alt=\"\" width=\"520\" height=\"337\" \/><img loading=\"lazy\" decoding=\"async\" class=\"alignnone size-full wp-image-136422\" title=\"macmeover5\" src=\"http:\/\/www.monblogdefille.com\/blog\/wp-content\/uploads\/2011\/09\/macmeover5.jpg\" alt=\"\" width=\"520\" height=\"337\" \/><img loading=\"lazy\" decoding=\"async\" class=\"alignnone size-full wp-image-136423\" title=\"macmeover6\" src=\"http:\/\/www.monblogdefille.com\/blog\/wp-content\/uploads\/2011\/09\/macmeover6.jpg\" alt=\"\" width=\"520\" height=\"337\" \/><\/p>\n<p>Je sais pas si vous avez vu des infos sur cette nouvelle collection MAC, elle est un peu diff\u00e9rente des autres parce que l&rsquo;id\u00e9e est de revenir \u00e0 l&rsquo;essence de la marque, c&rsquo;est \u00e0 dire prendre une personne normale et la rendre magnifique gr\u00e2ce au maquillage.<\/p>\n<p>Du coup ils ont fait un casting sur Facebook ou dieu sait o\u00f9, et les images que vous voyez l\u00e0 &#8211;\u00a0 et qui sont celles de la campagne &#8211; sont celles de mod\u00e8les non professionnels (on est d&rsquo;accord, ils ont pas pris des gens moches ; mais quand m\u00eame, c&rsquo;est pas des mannequins).<\/p>\n<p>Et bien J&rsquo;ADORE le concept de cette collection, c&rsquo;est la nature profonde du maquillage, et c&rsquo;est passionnant (et par ailleurs les produits sont vachement chouettes ;-).<\/p>\n<p>Du coup j&rsquo;ai dit \u00e0 Christian que s&rsquo;il y avait bien UNE soir\u00e9e \u00e0 faire pour mon blog, c&rsquo;\u00e9tait avec cette collection ; parce que l&rsquo;id\u00e9e, quand vous venez ici, c&rsquo;est aussi d&rsquo;apprendre \u00e0 vous faire plus belles gr\u00e2ce au maquillage ; donc tout \u00e7a se rejoint, tient debout, est compl\u00e8tement l\u00e9gitime et m&rsquo;enchante !<\/p>\n<p>Programme des festivit\u00e9s : rendez-vous au <strong>MAC Saint Michel<\/strong>* le <strong>jeudi 15 septembre \u00e0 partir de 19h15<\/strong>, sans inscription ni rien, et m\u00eame avec une copine si vous avez peur ;-).<\/p>\n<p>Y&rsquo;aura \u00e0 boire et \u00e0 manger, vous en faites pas ;-)<\/p>\n<p>Il y aura aussi plusieurs maquilleurs MAC qui seront l\u00e0 pour mettre en application le principe de la collection, \u00e0 savoir vous rendre magnifiques (enfin quelques unes d&rsquo;entre vous hein, ils pourront pas maquiller 50 personnes ;-).<\/p>\n<p>Et un <strong>photographe pro<\/strong> pour vous faire de beaux souvenirs avant \/ apr\u00e8s !<\/p>\n<p>On se voit le 15 ?<\/p>\n<p>* <strong>MAC Saint Michel<\/strong><br \/>\n22, boulevard Saint Michel<br \/>\n75006 Paris<br \/>\nM\u00e9tro Saint Michel ou Cluny La Sorbonne<\/p>\n<p>(chais pas pourquoi ils ont traduit le nom de cette collec&rsquo; en fran\u00e7ais par \u00ab\u00a0MAC c&rsquo;est moi\u00a0\u00bb, c&rsquo;est beaucoup moins parlant qu&rsquo;en anglais&#8230;).<\/p>\n","protected":false},"excerpt":{"rendered":"<p><img loading=\"lazy\" decoding=\"async\" class=\"alignnone size-full wp-image-136423\" title=\"macmeover6\" src=\"http:\/\/www.monblogdefille.com\/blog\/wp-content\/uploads\/2011\/09\/macmeover6.jpg\" alt=\"\" width=\"520\" height=\"337\" \/><\/p>\n","protected":false},"author":3,"featured_media":136418,"comment_status":"open","ping_status":"open","sticky":false,"template":"","format":"standard","meta":{"footnotes":""},"categories":[1485,1503],"tags":[19963],"class_list":["post-136417","post","type-post","status-publish","format-standard","has-post-thumbnail","hentry","category-le-maquillage","category-sorties","tag-mac"],"_links":{"self":[{"href":"https:\/\/www.monblogdefille.com\/blog\/wp-json\/wp\/v2\/posts\/136417","targetHints":{"allow":["GET"]}}],"collection":[{"href":"https:\/\/www.monblogdefille.com\/blog\/wp-json\/wp\/v2\/posts"}],"about":[{"href":"https:\/\/www.monblogdefille.com\/blog\/wp-json\/wp\/v2\/types\/post"}],"author":[{"embeddable":true,"href":"https:\/\/www.monblogdefille.com\/blog\/wp-json\/wp\/v2\/users\/3"}],"replies":[{"embeddable":true,"href":"https:\/\/www.monblogdefille.com\/blog\/wp-json\/wp\/v2\/comments?post=136417"}],"version-history":[{"count":0,"href":"https:\/\/www.monblogdefille.com\/blog\/wp-json\/wp\/v2\/posts\/136417\/revisions"}],"wp:featuredmedia":[{"embeddable":true,"href":"https:\/\/www.monblogdefille.com\/blog\/wp-json\/wp\/v2\/media\/136418"}],"wp:attachment":[{"href":"https:\/\/www.monblogdefille.com\/blog\/wp-json\/wp\/v2\/media?parent=136417"}],"wp:term":[{"taxonomy":"category","embeddable":true,"href":"https:\/\/www.monblogdefille.com\/blog\/wp-json\/wp\/v2\/categories?post=136417"},{"taxonomy":"post_tag","embeddable":true,"href":"https:\/\/www.monblogdefille.com\/blog\/wp-json\/wp\/v2\/tags?post=136417"}],"curies":[{"name":"wp","href":"https:\/\/api.w.org\/{rel}","templated":true}]}}