{"id":136342,"date":"2011-09-01T08:07:28","date_gmt":"2011-09-01T06:07:28","guid":{"rendered":"http:\/\/www.monblogdefille.com\/blog\/?p=136342"},"modified":"2012-10-21T15:46:13","modified_gmt":"2012-10-21T13:46:13","slug":"legumes-verts-a-la-feta","status":"publish","type":"post","link":"https:\/\/www.monblogdefille.com\/blog\/legumes-verts-a-la-feta\/","title":{"rendered":"L\u00e9gumes verts \u00e0 la feta"},"content":{"rendered":"<p><img loading=\"lazy\" decoding=\"async\" class=\"alignnone size-full wp-image-125196\" title=\"cuisine\" src=\"http:\/\/www.monblogdefille.com\/blog\/wp-content\/uploads\/2008\/12\/cuisine.jpg\" alt=\"\" width=\"250\" height=\"188\" \/><\/p>\n<p>De temps en temps (genre apr\u00e8s une semaine de pain grill\u00e9 \/ Maredsous au jambon \u00e0 tous les repas), j&rsquo;ai envie de l\u00e9gumes verts (ce qui semble un peu normal, en m\u00eame temps ;-).<\/p>\n<p>Je m&rsquo;en vais donc chez mon primeur pr\u00e9f\u00e9r\u00e9 qui vend des framboises au mois de d\u00e9cembre et des haricots verts import\u00e9s du Kenya (d\u00e9j\u00e0 le bio j&rsquo;en ai rien \u00e0 cirer, alors le plan locavore,\u00a0 c&rsquo;est clairement pas pour moi ;-)), et j&rsquo;ach\u00e8te des brocolis et des pois gourmands (d\u00e9j\u00e0 effil\u00e9s dans un barquette et tout, pas se faire iech, jamais).<\/p>\n<p>(si si, vous allez voir, il y a une dimension anti-r\u00e9gime dans cette recette bec\u00f4z beaucoup d&rsquo;huile &#8211; je reconnais qu&rsquo;en dehors de \u00e7a, c&rsquo;est un peu hors sujet, mais que voulez-vous, j&rsquo;adore ce plat).<\/p>\n<p>Je fais cuire tout \u00e7a \u00e0 l&rsquo;eau (s\u00e9par\u00e9ment s&rsquo;il le faut) parce que j&rsquo;ai pas de baby cook (pour une c\u00e9libataire le baby cook est d\u00e9ment pour cuire des l\u00e9gumes, merci <a href=\"http:\/\/mademoisellelaparisienne.blogspot.com\/\" target=\"_blank\" rel=\"noopener\">Eug\u00e9nie <\/a>pour l&rsquo;id\u00e9e !) ; \u00e7a co\u00fbte 100 \u20ac et des bananes, bonjour le racket, j&rsquo;attends donc que ma famille n&rsquo;ait plus besoin du sien et me le refile ;-)<\/p>\n<p>Je cuis aussi des asperges vertes surgel\u00e9es (j&rsquo;en ai toute l&rsquo;ann\u00e9e dans mon cong\u00e8l, j&rsquo;adore \u00e7a) (pourquoi je prends pas de pois gourmands et de brocolis surgel\u00e9s ? Ils sont mous, c&rsquo;est vachement moins bon).<\/p>\n<p>Tous les l\u00e9gumes doivent \u00eatre super croquants sinon c&rsquo;est la d\u00e9solation absolue.<\/p>\n<p>Je mets le tout sur une (grande) assiette et je colle de la feta \u00e9miett\u00e9e dessus (je prends celle en tranche sous vide, pas celle en bocal plein d&rsquo;huile pas bonne &#8211; l&rsquo;huile &#8211; qui co\u00fbte 10 fois plus cher et n&rsquo;a aucun int\u00e9r\u00eat suppl\u00e9mentaire).<\/p>\n<p>Pour la sauce : bonne huile d&rsquo;olive (d&rsquo;o\u00f9 l&rsquo;int\u00e9r\u00eat de ne pas parasiter le biniou avec de la sous-huile de bocal), jus de citron (perso je suis aux petites bouteilles en plastoc jaunes ; si j&rsquo;ach\u00e8te des vrais citrons, comme par hasard j&rsquo;en ai pas envie et ils restent \u00e0 moisir comme des malheureux), sauce soja, poivre noir du moulin (si vous consommez du poivre pr\u00e9-moulu vous risquez votre joie de vivre, ce truc a \u00e9t\u00e9 invent\u00e9 pour pousser l&rsquo;humanit\u00e9 au suicide, de d\u00e9sespoir gustatif), fleur de sel (petite acidit\u00e9 bien sympa avec ce plat).<\/p>\n<p>Ah non je peux pas vous filer de proportions, j&rsquo;en ai pas, faites \u00e7a au feeling en go\u00fbtant au fur et \u00e0 mesure (\u00e7a sera \u00e0 votre go\u00fbt perso, comme \u00e7a).<\/p>\n<p>Et donnez-m&rsquo;en des nouvelles, j&rsquo;adore ce plat !!<\/p>\n<p>PS : s&rsquo;il vous reste des l\u00e9gumes verts c&rsquo;est super bon en sauce sur des p\u00e2tes, r\u00e9chauff\u00e9 avec de la cr\u00e8me et plein de parmesan fondu dedans (et encore du poivre noir).<\/p>\n","protected":false},"excerpt":{"rendered":"<p><img loading=\"lazy\" decoding=\"async\" class=\"alignnone size-full wp-image-125196\" title=\"cuisine\" src=\"http:\/\/www.monblogdefille.com\/blog\/wp-content\/uploads\/2008\/12\/cuisine.jpg\" alt=\"\" width=\"250\" height=\"188\" \/><\/p>\n","protected":false},"author":3,"featured_media":125196,"comment_status":"open","ping_status":"open","sticky":false,"template":"","format":"standard","meta":{"footnotes":""},"categories":[20092],"tags":[],"class_list":["post-136342","post","type-post","status-publish","format-standard","has-post-thumbnail","hentry","category-manger"],"_links":{"self":[{"href":"https:\/\/www.monblogdefille.com\/blog\/wp-json\/wp\/v2\/posts\/136342","targetHints":{"allow":["GET"]}}],"collection":[{"href":"https:\/\/www.monblogdefille.com\/blog\/wp-json\/wp\/v2\/posts"}],"about":[{"href":"https:\/\/www.monblogdefille.com\/blog\/wp-json\/wp\/v2\/types\/post"}],"author":[{"embeddable":true,"href":"https:\/\/www.monblogdefille.com\/blog\/wp-json\/wp\/v2\/users\/3"}],"replies":[{"embeddable":true,"href":"https:\/\/www.monblogdefille.com\/blog\/wp-json\/wp\/v2\/comments?post=136342"}],"version-history":[{"count":0,"href":"https:\/\/www.monblogdefille.com\/blog\/wp-json\/wp\/v2\/posts\/136342\/revisions"}],"wp:featuredmedia":[{"embeddable":true,"href":"https:\/\/www.monblogdefille.com\/blog\/wp-json\/wp\/v2\/media\/125196"}],"wp:attachment":[{"href":"https:\/\/www.monblogdefille.com\/blog\/wp-json\/wp\/v2\/media?parent=136342"}],"wp:term":[{"taxonomy":"category","embeddable":true,"href":"https:\/\/www.monblogdefille.com\/blog\/wp-json\/wp\/v2\/categories?post=136342"},{"taxonomy":"post_tag","embeddable":true,"href":"https:\/\/www.monblogdefille.com\/blog\/wp-json\/wp\/v2\/tags?post=136342"}],"curies":[{"name":"wp","href":"https:\/\/api.w.org\/{rel}","templated":true}]}}