{"id":136078,"date":"2011-07-27T08:11:41","date_gmt":"2011-07-27T06:11:41","guid":{"rendered":"http:\/\/www.monblogdefille.com\/blog\/?p=136078"},"modified":"2014-01-31T20:16:01","modified_gmt":"2014-01-31T19:16:01","slug":"bio-expertise-de-diadermine-le-verdict","status":"publish","type":"post","link":"https:\/\/www.monblogdefille.com\/blog\/bio-expertise-de-diadermine-le-verdict\/","title":{"rendered":"Bio Expertise de Diadermine, le verdict"},"content":{"rendered":"<p>J&rsquo;ai donc test\u00e9 tous les produits de la nouvelle gamme <a onclick=\"var img=new Image();img.src=&#039;http:\/\/network.aufeminin.com\/call\/clicpixel\/4518531\/[timestamp]?&#039;;return true;\" href=\"http:\/\/www.aufeminin.com\/clients\/diadermine-bio-anti-ride\/avis-blog.asp\" rel=\"me nofollow noopener\" target=\"_blank\">Bio Expertise de Diadermine<\/a>, comme je vous le disais <a href=\"http:\/\/www.monblogdefille.com\/blog\/diadermine-se-lance-dans-le-bio\" target=\"_blank\">ici <\/a>, et voici ce que j&rsquo;en pense :<\/p>\n<p><img loading=\"lazy\" decoding=\"async\" class=\"alignnone size-full wp-image-136081\" title=\"diadermine 2\" alt=\"\" src=\"http:\/\/www.monblogdefille.com\/blog\/wp-content\/uploads\/2011\/07\/diadermine-2.jpg\" width=\"500\" height=\"380\" \/><\/p>\n<p>La cr\u00e8me de jour sent (pour moi en tout cas) le yaourt, comme tous les produits de la gamme ; une odeur fra\u00eeche et assez naturelle, pas ent\u00eatante ni d\u00e9rangeante. Elle s&rsquo;\u00e9tale facilement et le fini est compl\u00e8tement mat. Je pense qu&rsquo;elle doit \u00eatre bien pour une peau mixte ; en revanche elle n&rsquo;est pas du tout assez hydratante pour moi (qui ai, je vous le rappelle, la peau tr\u00e8s d\u00e9shydrat\u00e9e, voire s\u00e8che par moments).<\/p>\n<p><img loading=\"lazy\" decoding=\"async\" class=\"alignnone size-full wp-image-136082\" title=\"diadermine 3\" alt=\"\" src=\"http:\/\/www.monblogdefille.com\/blog\/wp-content\/uploads\/2011\/07\/diadermine-3.jpg\" width=\"500\" height=\"367\" \/><\/p>\n<p>La cr\u00e8me de nuit est moins riche que je ne m&rsquo;y attendais (les cr\u00e8mes de nuit sont souvent assez riches &#8211; parfois m\u00eame trop), la peau ne brille absolument pas. Je pense que les peaux mixtes l&rsquo;appr\u00e9cieront parce qu&rsquo;elle n&rsquo;alourdit pas la peau et la laisse mate et fra\u00eeche. Pour moi elle manque de confort, m\u00eame si c&rsquo;est moins probl\u00e9matique la nuit que le jour.<\/p>\n<p><img loading=\"lazy\" decoding=\"async\" class=\"alignnone size-full wp-image-136083\" title=\"diadermine 4\" alt=\"\" src=\"http:\/\/www.monblogdefille.com\/blog\/wp-content\/uploads\/2011\/07\/diadermine-4.jpg\" width=\"500\" height=\"667\" \/><\/p>\n<p>Le soin contour des yeux p\u00e9n\u00e8tre tr\u00e8s vite, le matin en base de maquillage \u00e7a peut \u00eatre pratique pour \u00e9viter que les fards (notamment l&rsquo;anti cernes) ne filent dans les plis. En revanche je le pr\u00e9f\u00e8rerais plus hydratant pour le soir, sur ma peau tr\u00e8s d\u00e9shydrat\u00e9e (et encore plus sur cette zone si fine qu&rsquo;est le contour de l&rsquo;oeil).<\/p>\n<p><img loading=\"lazy\" decoding=\"async\" class=\"alignnone size-full wp-image-136084\" title=\"diadermine 5\" alt=\"\" src=\"http:\/\/www.monblogdefille.com\/blog\/wp-content\/uploads\/2011\/07\/diadermine-5.jpg\" width=\"500\" height=\"490\" \/><\/p>\n<p>Je n&rsquo;ai pas utilis\u00e9 de lait d\u00e9maquillant depuis des ann\u00e9es, c&rsquo;est \u00e9tonnant de le faire \u00e0 nouveau. Je l&rsquo;utilise comme tous mes produits d\u00e9maquillants (\u00e0 part les eaux) : j&rsquo;en mets dans mes mains et je masse directement mon visage avec. Pas de coton ni rien, j&rsquo;aime bien faire comme \u00e7a. Et ensuite je rince avec un gant de toilette humide (que je change tous les jours, \u00e9videmment). Ce lait est bien pour d\u00e9maquiller le teint, pour les yeux en revanche j&rsquo;utilise quelque chose de plus sp\u00e9cifique.<\/p>\n<p>Par contre j&rsquo;utilise beaucoup d&rsquo;eaux d\u00e9maquillantes (ou micellaires) pour le petit coup de fra\u00eecheur du matin : un simple splash d&rsquo;eau ne suffit pas et un nettoyage profond n&rsquo;est pas n\u00e9cessaire pour mon type de peau. L&rsquo;eau d\u00e9maquillante est donc le produit que j&rsquo;utilise le matin, sur un coton (et que je rince ensuite sous ma douche). Celle-ci sent le propre et le frais, c&rsquo;est tr\u00e8s agr\u00e9able pour le matin. C&rsquo;est mon produit pr\u00e9f\u00e9r\u00e9 dans cette gamme.<\/p>\n<p><em>Billet sponsoris\u00e9<\/em><\/p>\n<p><img loading=\"lazy\" decoding=\"async\" style=\"display: none;\" alt=\"\" src=\"http:\/\/network.aufeminin.com\/call\/pubimppixel\/4518531\/[timestamp]?\" width=\"1\" height=\"1\" border=\"0\" \/><\/p>\n","protected":false},"excerpt":{"rendered":"<p><img loading=\"lazy\" decoding=\"async\" class=\"alignnone size-full wp-image-136081\" title=\"diadermine 2\" src=\"http:\/\/www.monblogdefille.com\/blog\/wp-content\/uploads\/2011\/07\/diadermine-2.jpg\" alt=\"\" width=\"500\" height=\"380\" \/><\/p>\n","protected":false},"author":3,"featured_media":136081,"comment_status":"open","ping_status":"open","sticky":false,"template":"","format":"standard","meta":{"footnotes":""},"categories":[1489],"tags":[],"class_list":["post-136078","post","type-post","status-publish","format-standard","has-post-thumbnail","hentry","category-le-soin"],"_links":{"self":[{"href":"https:\/\/www.monblogdefille.com\/blog\/wp-json\/wp\/v2\/posts\/136078","targetHints":{"allow":["GET"]}}],"collection":[{"href":"https:\/\/www.monblogdefille.com\/blog\/wp-json\/wp\/v2\/posts"}],"about":[{"href":"https:\/\/www.monblogdefille.com\/blog\/wp-json\/wp\/v2\/types\/post"}],"author":[{"embeddable":true,"href":"https:\/\/www.monblogdefille.com\/blog\/wp-json\/wp\/v2\/users\/3"}],"replies":[{"embeddable":true,"href":"https:\/\/www.monblogdefille.com\/blog\/wp-json\/wp\/v2\/comments?post=136078"}],"version-history":[{"count":0,"href":"https:\/\/www.monblogdefille.com\/blog\/wp-json\/wp\/v2\/posts\/136078\/revisions"}],"wp:featuredmedia":[{"embeddable":true,"href":"https:\/\/www.monblogdefille.com\/blog\/wp-json\/wp\/v2\/media\/136081"}],"wp:attachment":[{"href":"https:\/\/www.monblogdefille.com\/blog\/wp-json\/wp\/v2\/media?parent=136078"}],"wp:term":[{"taxonomy":"category","embeddable":true,"href":"https:\/\/www.monblogdefille.com\/blog\/wp-json\/wp\/v2\/categories?post=136078"},{"taxonomy":"post_tag","embeddable":true,"href":"https:\/\/www.monblogdefille.com\/blog\/wp-json\/wp\/v2\/tags?post=136078"}],"curies":[{"name":"wp","href":"https:\/\/api.w.org\/{rel}","templated":true}]}}