{"id":136018,"date":"2011-07-18T08:19:47","date_gmt":"2011-07-18T06:19:47","guid":{"rendered":"http:\/\/www.monblogdefille.com\/blog\/?p=136018"},"modified":"2011-07-17T16:20:42","modified_gmt":"2011-07-17T14:20:42","slug":"bon-coiffeur-visagiste-a-aix-en-provence-pour-melanie","status":"publish","type":"post","link":"https:\/\/www.monblogdefille.com\/blog\/bon-coiffeur-visagiste-a-aix-en-provence-pour-melanie\/","title":{"rendered":"Bon coiffeur visagiste \u00e0 Aix-en-Provence pour M\u00e9lanie"},"content":{"rendered":"<p>\u00ab\u00a0Salut les filles !<\/p>\n<p>Bon voil\u00e0, je n&rsquo;ai jamais aim\u00e9 aller chez le coiffeur (je n&rsquo;aime pas leur mani\u00e8re de me regarder comme si j&rsquo;\u00e9tais un cas d\u00e9sesp\u00e9r\u00e9 pour l&rsquo;art capillaire) mais l\u00e0, il faut que je fasse quelque chose !<\/p>\n<p>J&rsquo;ai 23 ans et j&rsquo;ai toujours plus ou moins eu la m\u00eame coupe : un d\u00e9grad\u00e9 sur cheveux mi-longs avec des m\u00e8ches blondes. Il a deux ans je me suis laiss\u00e9e tenter par un carr\u00e9, le r\u00e9sultat \u00e9tait pas trop mal \u00e0 mon go\u00fbt.<\/p>\n<p>Mais voil\u00e0, maintenant j&rsquo;ai envie de changer de t\u00eate sans pour autant couper mes cheveux trop courts (un an que je les laisse pousser !), je veux une coupe qui me mette en valeur, qui soit adapt\u00e9e.<\/p>\n<p>Donc voil\u00e0 je cherche un bon coiffeur visagiste qui me conseillera sans me dire :\u00a0\u00bb\u00e7a c&rsquo;est hyper tendance ! vous devriez essayer\u00a0\u00bb sans se demander si \u00e7a m&rsquo;irait vraiment.<\/p>\n<p>Je pr\u00e9cise que je cherche cette perle rare sur Aix-en-Provence.<\/p>\n<p>Merci d&rsquo;avance pour votre aide !<\/p>\n<p>Sign\u00e9 : M\u00e9lanie\u00a0\u00bb<\/p>\n","protected":false},"excerpt":{"rendered":"<p><img loading=\"lazy\" decoding=\"async\" class=\"alignnone size-full wp-image-123889\" title=\"wanted3\" src=\"http:\/\/www.monblogdefille.com\/blog\/wp-content\/uploads\/2008\/03\/wanted3.jpg\" alt=\"wanted3\" width=\"166\" height=\"200\" \/><\/p>\n","protected":false},"author":3,"featured_media":0,"comment_status":"open","ping_status":"open","sticky":false,"template":"","format":"standard","meta":{"footnotes":""},"categories":[20009,20095,1502],"tags":[19946],"class_list":["post-136018","post","type-post","status-publish","format-standard","hentry","category-beaute","category-les-cheveux","category-wanted","tag-cheveux"],"_links":{"self":[{"href":"https:\/\/www.monblogdefille.com\/blog\/wp-json\/wp\/v2\/posts\/136018","targetHints":{"allow":["GET"]}}],"collection":[{"href":"https:\/\/www.monblogdefille.com\/blog\/wp-json\/wp\/v2\/posts"}],"about":[{"href":"https:\/\/www.monblogdefille.com\/blog\/wp-json\/wp\/v2\/types\/post"}],"author":[{"embeddable":true,"href":"https:\/\/www.monblogdefille.com\/blog\/wp-json\/wp\/v2\/users\/3"}],"replies":[{"embeddable":true,"href":"https:\/\/www.monblogdefille.com\/blog\/wp-json\/wp\/v2\/comments?post=136018"}],"version-history":[{"count":0,"href":"https:\/\/www.monblogdefille.com\/blog\/wp-json\/wp\/v2\/posts\/136018\/revisions"}],"wp:attachment":[{"href":"https:\/\/www.monblogdefille.com\/blog\/wp-json\/wp\/v2\/media?parent=136018"}],"wp:term":[{"taxonomy":"category","embeddable":true,"href":"https:\/\/www.monblogdefille.com\/blog\/wp-json\/wp\/v2\/categories?post=136018"},{"taxonomy":"post_tag","embeddable":true,"href":"https:\/\/www.monblogdefille.com\/blog\/wp-json\/wp\/v2\/tags?post=136018"}],"curies":[{"name":"wp","href":"https:\/\/api.w.org\/{rel}","templated":true}]}}