{"id":135951,"date":"2011-06-29T18:05:24","date_gmt":"2011-06-29T16:05:24","guid":{"rendered":"http:\/\/www.monblogdefille.com\/blog\/?p=135951"},"modified":"2012-10-22T16:32:37","modified_gmt":"2012-10-22T14:32:37","slug":"essie-chez-monop","status":"publish","type":"post","link":"https:\/\/www.monblogdefille.com\/blog\/essie-chez-monop\/","title":{"rendered":"Essie chez Monop !"},"content":{"rendered":"<p>Les enfants je sors de la pr\u00e9sentation presse Essie, je suis excit\u00e9e comme une puce pour plein de raisons :<\/p>\n<p>1. J&rsquo;ai rencontr\u00e9e Essie Weingarten elle-m\u00eame !! La fondatrice de la marque (30 ans cette ann\u00e9e, la marque) !! Pas pu m&#8217;emp\u00eacher de faire ma groupie (\u00e7a va, \u00e7a m&rsquo;arrive pas souvent ;-). Je la trouve sublimissime, en plus d&rsquo;\u00eatre adorable et chaleureuse.<\/p>\n<p><img loading=\"lazy\" decoding=\"async\" class=\"alignnone size-full wp-image-135952\" title=\"essie 29 juin 2011 001 2\" src=\"http:\/\/www.monblogdefille.com\/blog\/wp-content\/uploads\/2011\/06\/essie-29-juin-2011-001-2.jpg\" alt=\"\" width=\"500\" height=\"468\" \/><\/p>\n<p>2. Essie va \u00eatre vendue chez Monop \u00e0 partir du mois d&rsquo;octobre, en 90 teintes plus une nouvelle collec chaque saison, youloulouloulou !<\/p>\n<p><img loading=\"lazy\" decoding=\"async\" class=\"alignnone size-full wp-image-135953\" title=\"essie 29 juin 2011 003\" src=\"http:\/\/www.monblogdefille.com\/blog\/wp-content\/uploads\/2011\/06\/essie-29-juin-2011-003.jpg\" alt=\"\" width=\"500\" height=\"483\" \/><\/p>\n<p><img loading=\"lazy\" decoding=\"async\" class=\"alignnone size-full wp-image-135954\" title=\"essie 29 juin 2011 002\" src=\"http:\/\/www.monblogdefille.com\/blog\/wp-content\/uploads\/2011\/06\/essie-29-juin-2011-002.jpg\" alt=\"\" width=\"500\" height=\"409\" \/><\/p>\n<p>3. Les flacons de vernis utilis\u00e9s en instituts (genre Manucurist) resteront les m\u00eames, en revanche pour la grande distrib ils ont reformul\u00e9 les vernis (mais en gardant les couleurs d&rsquo;origine) de fa\u00e7on \u00e0 ce que si vraiment on y tient, on puisse ne mettre qu&rsquo;une couche (et qu&rsquo;il soit super facile \u00e0 poser et s\u00e8che vite) ; et ils ont chang\u00e9 le pinceau (pour la grande distrib toujours, mais dans les instituts \u00e7a restera le m\u00eame qu&rsquo;avant) pour un plus large PAS CARR\u00c9 (ce qui, <a href=\"http:\/\/www.monblogdefille.com\/blog\/jadooooooooooore-le-pinceau-dioooooooooooor\" target=\"_blank\">comme je disais ici<\/a>, est hyper important, parce mes ongles \u00e0 moi sont pas carr\u00e9s, bon sang).<\/p>\n<p>I&rsquo;m delighted.<\/p>\n<p>PS : quoi faut attendre le mois d&rsquo;octobre ? Oh, soyez pas n\u00e9gatives hein ;-)<\/p>\n<p>PS 2 : c&rsquo;est peut-\u00eatre ma derni\u00e8re photo en brune, lo\u00ef lo\u00ef lo\u00ef !<\/p>\n","protected":false},"excerpt":{"rendered":"<p><img loading=\"lazy\" decoding=\"async\" class=\"alignnone size-full wp-image-135952\" title=\"essie 29 juin 2011 001 2\" src=\"http:\/\/www.monblogdefille.com\/blog\/wp-content\/uploads\/2011\/06\/essie-29-juin-2011-001-2.jpg\" alt=\"\" width=\"500\" height=\"468\" \/><\/p>\n","protected":false},"author":3,"featured_media":135952,"comment_status":"open","ping_status":"open","sticky":false,"template":"","format":"standard","meta":{"footnotes":""},"categories":[14534],"tags":[20045,20044],"class_list":["post-135951","post","type-post","status-publish","format-standard","has-post-thumbnail","hentry","category-les-ongles","tag-manucure","tag-ongles"],"_links":{"self":[{"href":"https:\/\/www.monblogdefille.com\/blog\/wp-json\/wp\/v2\/posts\/135951","targetHints":{"allow":["GET"]}}],"collection":[{"href":"https:\/\/www.monblogdefille.com\/blog\/wp-json\/wp\/v2\/posts"}],"about":[{"href":"https:\/\/www.monblogdefille.com\/blog\/wp-json\/wp\/v2\/types\/post"}],"author":[{"embeddable":true,"href":"https:\/\/www.monblogdefille.com\/blog\/wp-json\/wp\/v2\/users\/3"}],"replies":[{"embeddable":true,"href":"https:\/\/www.monblogdefille.com\/blog\/wp-json\/wp\/v2\/comments?post=135951"}],"version-history":[{"count":0,"href":"https:\/\/www.monblogdefille.com\/blog\/wp-json\/wp\/v2\/posts\/135951\/revisions"}],"wp:featuredmedia":[{"embeddable":true,"href":"https:\/\/www.monblogdefille.com\/blog\/wp-json\/wp\/v2\/media\/135952"}],"wp:attachment":[{"href":"https:\/\/www.monblogdefille.com\/blog\/wp-json\/wp\/v2\/media?parent=135951"}],"wp:term":[{"taxonomy":"category","embeddable":true,"href":"https:\/\/www.monblogdefille.com\/blog\/wp-json\/wp\/v2\/categories?post=135951"},{"taxonomy":"post_tag","embeddable":true,"href":"https:\/\/www.monblogdefille.com\/blog\/wp-json\/wp\/v2\/tags?post=135951"}],"curies":[{"name":"wp","href":"https:\/\/api.w.org\/{rel}","templated":true}]}}