{"id":135591,"date":"2011-05-30T08:29:05","date_gmt":"2011-05-30T06:29:05","guid":{"rendered":"http:\/\/www.monblogdefille.com\/blog\/?p=135591"},"modified":"2012-10-22T16:44:33","modified_gmt":"2012-10-22T14:44:33","slug":"je-retourne-a-avene","status":"publish","type":"post","link":"https:\/\/www.monblogdefille.com\/blog\/je-retourne-a-avene\/","title":{"rendered":"Je retourne \u00e0 Av\u00e8ne"},"content":{"rendered":"<p><img loading=\"lazy\" decoding=\"async\" class=\"aligncenter size-full wp-image-135592\" title=\"avene\" src=\"http:\/\/www.monblogdefille.com\/blog\/wp-content\/uploads\/2011\/05\/avene.jpg\" alt=\"\" width=\"500\" height=\"375\" \/><\/p>\n<p>L&rsquo;ann\u00e9e derni\u00e8re j&rsquo;avais une dermite, cette fois j&rsquo;ai coch\u00e9 la case \u00ab\u00a0ecz\u00e9ma\u00a0\u00bb, youhou&#8230; (et encore je me plains pas trop, j&rsquo;en ai pas sur le visage ni sur les mains, o\u00f9 est souvent localis\u00e9 l&rsquo;ecz\u00e9ma des adultes).<\/p>\n<p>Du coup Jo\u00eblle et Val\u00e9rie, qui sont des amourissimes, m&rsquo;ont dit \u00ab\u00a0mais viens \u00e0 Av\u00e8ne enfin, on va te poupougner !\u00a0\u00bb<\/p>\n<p>Je vais donc passer la semaine l\u00e0 bas \u00e0 me faire soigner, me balader dans cette petite vall\u00e9e que j&rsquo;adore, r\u00e9vasser en regardant la rivi\u00e8re, ne pas avoir d&rsquo;ordinateur (et ou\u00e9 je suis un dinosaure, j&rsquo;ai pas d&rsquo;ordi portable)&#8230;<\/p>\n<p>A lundi prochain les filles, prenez soin de vous et ne soyez surtout pas sages ;-)<\/p>\n<p>PS : comme toujours quand je m&rsquo;absente, mon blog est ferm\u00e9, aussi ne m&rsquo;envoyez pas de mails pour me dire que vous n&rsquo;arrivez pas \u00e0 poster de commentaires : c&rsquo;est normal ;-)<\/p>\n<p>PS2 : j&rsquo;ai quand m\u00eame programm\u00e9 quelques billets pour ne pas vous abandonner compl\u00e8tement ;-)<\/p>\n","protected":false},"excerpt":{"rendered":"<p><img loading=\"lazy\" decoding=\"async\" class=\"aligncenter size-full wp-image-135592\" title=\"avene\" src=\"http:\/\/www.monblogdefille.com\/blog\/wp-content\/uploads\/2011\/05\/avene.jpg\" alt=\"\" width=\"500\" height=\"375\" \/><\/p>\n","protected":false},"author":3,"featured_media":135592,"comment_status":"open","ping_status":"open","sticky":false,"template":"","format":"standard","meta":{"footnotes":""},"categories":[1489],"tags":[19995],"class_list":["post-135591","post","type-post","status-publish","format-standard","has-post-thumbnail","hentry","category-le-soin","tag-avene"],"_links":{"self":[{"href":"https:\/\/www.monblogdefille.com\/blog\/wp-json\/wp\/v2\/posts\/135591","targetHints":{"allow":["GET"]}}],"collection":[{"href":"https:\/\/www.monblogdefille.com\/blog\/wp-json\/wp\/v2\/posts"}],"about":[{"href":"https:\/\/www.monblogdefille.com\/blog\/wp-json\/wp\/v2\/types\/post"}],"author":[{"embeddable":true,"href":"https:\/\/www.monblogdefille.com\/blog\/wp-json\/wp\/v2\/users\/3"}],"replies":[{"embeddable":true,"href":"https:\/\/www.monblogdefille.com\/blog\/wp-json\/wp\/v2\/comments?post=135591"}],"version-history":[{"count":0,"href":"https:\/\/www.monblogdefille.com\/blog\/wp-json\/wp\/v2\/posts\/135591\/revisions"}],"wp:featuredmedia":[{"embeddable":true,"href":"https:\/\/www.monblogdefille.com\/blog\/wp-json\/wp\/v2\/media\/135592"}],"wp:attachment":[{"href":"https:\/\/www.monblogdefille.com\/blog\/wp-json\/wp\/v2\/media?parent=135591"}],"wp:term":[{"taxonomy":"category","embeddable":true,"href":"https:\/\/www.monblogdefille.com\/blog\/wp-json\/wp\/v2\/categories?post=135591"},{"taxonomy":"post_tag","embeddable":true,"href":"https:\/\/www.monblogdefille.com\/blog\/wp-json\/wp\/v2\/tags?post=135591"}],"curies":[{"name":"wp","href":"https:\/\/api.w.org\/{rel}","templated":true}]}}