{"id":135392,"date":"2011-05-07T08:52:53","date_gmt":"2011-05-07T06:52:53","guid":{"rendered":"http:\/\/www.monblogdefille.com\/blog\/?p=135392"},"modified":"2023-10-17T13:16:18","modified_gmt":"2023-10-17T11:16:18","slug":"journee-avene-et-rene-furterer-part-1-les-cheveux","status":"publish","type":"post","link":"https:\/\/www.monblogdefille.com\/blog\/journee-avene-et-rene-furterer-part-1-les-cheveux\/","title":{"rendered":"Journ\u00e9e Av\u00e8ne et Ren\u00e9 Furterer, part 1, les cheveux"},"content":{"rendered":"<p>C&rsquo;est donc Ludivine qui a \u00e9t\u00e9 chouchout\u00e9e d&rsquo;abord par Maud \u00e0 l&rsquo;institut Ren\u00e9 Furterer, pour ses cheveux (vu que les vid\u00e9os durent mille ans parce que tout \u00e9tait int\u00e9ressant et je ne pouvais rien couper, j&rsquo;ai s\u00e9par\u00e9 les cheveux et la peau &#8211; que vous aurez demain).<\/p>\n<p>Ca a \u00e9t\u00e9 une journ\u00e9e vraiment agr\u00e9able pour toutes, tout le monde m&rsquo;a envoy\u00e9 des mails ravis ensuite, qu&rsquo;est-ce que c&rsquo;\u00e9tait chouette !<\/p>\n<p><iframe loading=\"lazy\" width=\"940\" height=\"705\" src=\"https:\/\/www.youtube.com\/embed\/YZyZK9pwWig?feature=oembed\" frameborder=\"0\" allowfullscreen><\/iframe> <\/p>\n","protected":false},"excerpt":{"rendered":"<p>C&rsquo;est donc Ludivine qui a \u00e9t\u00e9 chouchout\u00e9e d&rsquo;abord par Maud \u00e0 l&rsquo;institut Ren\u00e9 Furterer, pour ses cheveux (vu que les vid\u00e9os durent mille ans parce que tout \u00e9tait int\u00e9ressant et je ne pouvais rien couper,&#8230;<br \/> <a class=\"read-more\" href=\"https:\/\/www.monblogdefille.com\/blog\/journee-avene-et-rene-furterer-part-1-les-cheveux\/\">Lire la suite \u00bb<\/a><\/p>\n","protected":false},"author":3,"featured_media":0,"comment_status":"open","ping_status":"open","sticky":false,"template":"","format":"standard","meta":{"footnotes":""},"categories":[20095,19978],"tags":[19946],"class_list":["post-135392","post","type-post","status-publish","format-standard","hentry","category-les-cheveux","category-videos","tag-cheveux"],"_links":{"self":[{"href":"https:\/\/www.monblogdefille.com\/blog\/wp-json\/wp\/v2\/posts\/135392","targetHints":{"allow":["GET"]}}],"collection":[{"href":"https:\/\/www.monblogdefille.com\/blog\/wp-json\/wp\/v2\/posts"}],"about":[{"href":"https:\/\/www.monblogdefille.com\/blog\/wp-json\/wp\/v2\/types\/post"}],"author":[{"embeddable":true,"href":"https:\/\/www.monblogdefille.com\/blog\/wp-json\/wp\/v2\/users\/3"}],"replies":[{"embeddable":true,"href":"https:\/\/www.monblogdefille.com\/blog\/wp-json\/wp\/v2\/comments?post=135392"}],"version-history":[{"count":1,"href":"https:\/\/www.monblogdefille.com\/blog\/wp-json\/wp\/v2\/posts\/135392\/revisions"}],"predecessor-version":[{"id":415973,"href":"https:\/\/www.monblogdefille.com\/blog\/wp-json\/wp\/v2\/posts\/135392\/revisions\/415973"}],"wp:attachment":[{"href":"https:\/\/www.monblogdefille.com\/blog\/wp-json\/wp\/v2\/media?parent=135392"}],"wp:term":[{"taxonomy":"category","embeddable":true,"href":"https:\/\/www.monblogdefille.com\/blog\/wp-json\/wp\/v2\/categories?post=135392"},{"taxonomy":"post_tag","embeddable":true,"href":"https:\/\/www.monblogdefille.com\/blog\/wp-json\/wp\/v2\/tags?post=135392"}],"curies":[{"name":"wp","href":"https:\/\/api.w.org\/{rel}","templated":true}]}}