{"id":135027,"date":"2011-04-05T08:26:36","date_gmt":"2011-04-05T06:26:36","guid":{"rendered":"http:\/\/www.monblogdefille.com\/blog\/?p=135027"},"modified":"2012-10-22T17:04:08","modified_gmt":"2012-10-22T15:04:08","slug":"non-a-lassortiment","status":"publish","type":"post","link":"https:\/\/www.monblogdefille.com\/blog\/non-a-lassortiment\/","title":{"rendered":"Non \u00e0 l&rsquo;assortiment !"},"content":{"rendered":"<p><img loading=\"lazy\" decoding=\"async\" class=\"alignnone size-full wp-image-135028\" title=\"assortiment 2\" src=\"http:\/\/www.monblogdefille.com\/blog\/wp-content\/uploads\/2011\/04\/assortiment-2.jpg\" alt=\"\" width=\"500\" height=\"708\" \/><\/p>\n<p><em>Rouge \u00e0 l\u00e8vres Deborah l&rsquo;Authentique 415 Lupin<br \/>\nVernis \u00e0 ongles Mavala Waikiki Orange<\/em><\/p>\n<p>Vous \u00eates au courant que je suis contre l&rsquo;assortiment* du maquillage aux fringues ; ben je suis aussi contre l&rsquo;assortiment du vernis \u00e0 ongles au rouge \u00e0 l\u00e8vres.<\/p>\n<p>D&rsquo;abord parce que le c\u00f4t\u00e9 appliqu\u00e9 \u00e7a fait jamais tr\u00e8s cool, mais aussi parce que \u00e7a voudrait dire, vue la dur\u00e9e de vie d&rsquo;une manucure, qu&rsquo;on est oblig\u00e9e de porter le m\u00eame rouge \u00e0 l\u00e8vres pendant trois jours de suite. Ca va pas la t\u00eate ??<\/p>\n<p>Et puis les couleurs qui clashent un peu \u00e7a me pla\u00eet bien, je trouve \u00e7a vivant et moderne.<\/p>\n<p>C&rsquo;est marrant parce que le mec qui a invent\u00e9 le vernis de couleur (Charles Revson, fondateur de la marque Revlon) en mettant des pigments dedans (avant y&rsquo;avait que de vagues trucs transparents ou beige ros\u00e9), et ben rapidement il a invent\u00e9 l&rsquo;assortiment du rouge \u00e0 l\u00e8vres et du vernis \u00e0 ongles ; faut dire qu&rsquo;en 1932 on n&rsquo;avait pas peur de faire dame (au contraire, c&rsquo;\u00e9tait l&rsquo;id\u00e9e).<\/p>\n<p>* Ca veut pas dire que je suis contre l&rsquo;harmonie, bien s\u00fbr. L&rsquo;assortiment et l&rsquo;harmonie c&rsquo;est pas du tout la m\u00eame chose.<\/p>\n","protected":false},"excerpt":{"rendered":"<p><img loading=\"lazy\" decoding=\"async\" class=\"alignnone size-full wp-image-135028\" title=\"assortiment 2\" src=\"http:\/\/www.monblogdefille.com\/blog\/wp-content\/uploads\/2011\/04\/assortiment-2.jpg\" alt=\"\" width=\"500\" height=\"708\" \/><\/p>\n","protected":false},"author":3,"featured_media":135028,"comment_status":"open","ping_status":"open","sticky":false,"template":"","format":"standard","meta":{"footnotes":""},"categories":[1485,14534],"tags":[20045,19938],"class_list":["post-135027","post","type-post","status-publish","format-standard","has-post-thumbnail","hentry","category-le-maquillage","category-les-ongles","tag-manucure","tag-rouge-a-levres"],"_links":{"self":[{"href":"https:\/\/www.monblogdefille.com\/blog\/wp-json\/wp\/v2\/posts\/135027","targetHints":{"allow":["GET"]}}],"collection":[{"href":"https:\/\/www.monblogdefille.com\/blog\/wp-json\/wp\/v2\/posts"}],"about":[{"href":"https:\/\/www.monblogdefille.com\/blog\/wp-json\/wp\/v2\/types\/post"}],"author":[{"embeddable":true,"href":"https:\/\/www.monblogdefille.com\/blog\/wp-json\/wp\/v2\/users\/3"}],"replies":[{"embeddable":true,"href":"https:\/\/www.monblogdefille.com\/blog\/wp-json\/wp\/v2\/comments?post=135027"}],"version-history":[{"count":0,"href":"https:\/\/www.monblogdefille.com\/blog\/wp-json\/wp\/v2\/posts\/135027\/revisions"}],"wp:featuredmedia":[{"embeddable":true,"href":"https:\/\/www.monblogdefille.com\/blog\/wp-json\/wp\/v2\/media\/135028"}],"wp:attachment":[{"href":"https:\/\/www.monblogdefille.com\/blog\/wp-json\/wp\/v2\/media?parent=135027"}],"wp:term":[{"taxonomy":"category","embeddable":true,"href":"https:\/\/www.monblogdefille.com\/blog\/wp-json\/wp\/v2\/categories?post=135027"},{"taxonomy":"post_tag","embeddable":true,"href":"https:\/\/www.monblogdefille.com\/blog\/wp-json\/wp\/v2\/tags?post=135027"}],"curies":[{"name":"wp","href":"https:\/\/api.w.org\/{rel}","templated":true}]}}