{"id":134792,"date":"2011-03-16T08:48:14","date_gmt":"2011-03-16T07:48:14","guid":{"rendered":"http:\/\/www.monblogdefille.com\/blog\/?p=134792"},"modified":"2012-03-02T19:22:03","modified_gmt":"2012-03-02T18:22:03","slug":"la-fameuse-histoire-de-la-grand-mere-du-savon-de-marseille-et-de-la-creme-nivea","status":"publish","type":"post","link":"https:\/\/www.monblogdefille.com\/blog\/la-fameuse-histoire-de-la-grand-mere-du-savon-de-marseille-et-de-la-creme-nivea\/","title":{"rendered":"La fameuse histoire de la grand m\u00e8re, du savon de Marseille et de la cr\u00e8me Nivea"},"content":{"rendered":"<p><img loading=\"lazy\" decoding=\"async\" class=\"alignnone size-full wp-image-134793\" title=\"pomme\" src=\"http:\/\/www.monblogdefille.com\/blog\/wp-content\/uploads\/2011\/03\/pomme.jpg\" alt=\"\" width=\"500\" height=\"374\" \/><\/p>\n<p>Je ne compte plus le nombre de fois o\u00f9 j&rsquo;ai lu dans les commentaires, quand on parle de soins du visage, cette fameuse histoire : \u00ab\u00a0ma grand m\u00e8re a 86 ans, pas une seule ride, et toute sa vie elle n&rsquo;a utilis\u00e9 que du savon de Marseille et de la cr\u00e8me Nivea\u00a0\u00bb.<\/p>\n<p>Alors d\u00e9j\u00e0 la grand m\u00e8re, elle a un capital g\u00e9n\u00e9tique de comp\u00e9tition. Quand on est vieux on a des rides, c&rsquo;est un peu la r\u00e8gle observ\u00e9e en g\u00e9n\u00e9ral.<\/p>\n<p>Cela dit j&rsquo;ai pas mal r\u00e9fl\u00e9chi \u00e0 cette histoire, et je me suis demand\u00e9 si le fait de mettre tr\u00e8s peu d&rsquo;ingr\u00e9dients diff\u00e9rents sur la peau ne pouvait pas jouer en sa faveur (parce qu&rsquo;entre le savon et la cr\u00e8me, l\u00e0, on n&rsquo;a pas what mille ingr\u00e9dients diff\u00e9rents) ?<\/p>\n<p>Vu que la mienne, de peau, est plut\u00f4t plus jolie quand je r\u00e9duis le nombre de produits, il y a peut-\u00eatre un truc \u00e0 creuser ?<\/p>\n<p>Les sp\u00e9cialistes de la peau et autres ninieminies sont appel\u00e9es \u00e0 la barre.<\/p>\n","protected":false},"excerpt":{"rendered":"<p>Je ne compte plus le nombre de fois o\u00f9 j&rsquo;ai lu dans les commentaires, quand on parle de soins du visage, cette fameuse histoire : \u00ab\u00a0ma grand m\u00e8re a 86 ans, pas une seule ride,&#8230;<br \/> <a class=\"read-more\" href=\"https:\/\/www.monblogdefille.com\/blog\/la-fameuse-histoire-de-la-grand-mere-du-savon-de-marseille-et-de-la-creme-nivea\/\">Lire la suite \u00bb<\/a><\/p>\n","protected":false},"author":3,"featured_media":134793,"comment_status":"open","ping_status":"open","sticky":false,"template":"","format":"standard","meta":{"footnotes":""},"categories":[1489],"tags":[20109,20089],"class_list":["post-134792","post","type-post","status-publish","format-standard","has-post-thumbnail","hentry","category-le-soin","tag-demaquillage","tag-hydratation"],"_links":{"self":[{"href":"https:\/\/www.monblogdefille.com\/blog\/wp-json\/wp\/v2\/posts\/134792","targetHints":{"allow":["GET"]}}],"collection":[{"href":"https:\/\/www.monblogdefille.com\/blog\/wp-json\/wp\/v2\/posts"}],"about":[{"href":"https:\/\/www.monblogdefille.com\/blog\/wp-json\/wp\/v2\/types\/post"}],"author":[{"embeddable":true,"href":"https:\/\/www.monblogdefille.com\/blog\/wp-json\/wp\/v2\/users\/3"}],"replies":[{"embeddable":true,"href":"https:\/\/www.monblogdefille.com\/blog\/wp-json\/wp\/v2\/comments?post=134792"}],"version-history":[{"count":0,"href":"https:\/\/www.monblogdefille.com\/blog\/wp-json\/wp\/v2\/posts\/134792\/revisions"}],"wp:featuredmedia":[{"embeddable":true,"href":"https:\/\/www.monblogdefille.com\/blog\/wp-json\/wp\/v2\/media\/134793"}],"wp:attachment":[{"href":"https:\/\/www.monblogdefille.com\/blog\/wp-json\/wp\/v2\/media?parent=134792"}],"wp:term":[{"taxonomy":"category","embeddable":true,"href":"https:\/\/www.monblogdefille.com\/blog\/wp-json\/wp\/v2\/categories?post=134792"},{"taxonomy":"post_tag","embeddable":true,"href":"https:\/\/www.monblogdefille.com\/blog\/wp-json\/wp\/v2\/tags?post=134792"}],"curies":[{"name":"wp","href":"https:\/\/api.w.org\/{rel}","templated":true}]}}