{"id":134694,"date":"2011-03-07T08:02:47","date_gmt":"2011-03-07T07:02:47","guid":{"rendered":"http:\/\/www.monblogdefille.com\/blog\/?p=134694"},"modified":"2012-03-04T15:45:02","modified_gmt":"2012-03-04T14:45:02","slug":"la-roche-posay-creme-de-la-mer-nuxe-avene","status":"publish","type":"post","link":"https:\/\/www.monblogdefille.com\/blog\/la-roche-posay-creme-de-la-mer-nuxe-avene\/","title":{"rendered":"La Roche Posay, Cr\u00e8me de la Mer, Nuxe, Av\u00e8ne"},"content":{"rendered":"<p><img loading=\"lazy\" decoding=\"async\" class=\"alignnone size-full wp-image-134695\" title=\"ma peau carbure 39\" src=\"http:\/\/www.monblogdefille.com\/blog\/wp-content\/uploads\/2011\/03\/ma-peau-carbure-39.jpg\" alt=\"\" width=\"500\" height=\"375\" \/><\/p>\n<p>Ma peau n&rsquo;ayant pas chang\u00e9 radicalement avec les pr\u00e9c\u00e9dentes cr\u00e8mes aux packagings no\u00ebliques (et en plus elle a recommenc\u00e9 \u00e0 faire des crises de d\u00e9shydratation), j&rsquo;ai &#8211; encore &#8211; chang\u00e9 ma routine (j&rsquo;ai tenu un mois, c&rsquo;est pas si mal ;-), en simplifiant. Je crois que ma peau pr\u00e9f\u00e8re quand c&rsquo;est un peu simple.<\/p>\n<p>Autour des yeux je continue matin et soir le <strong>Redermic Yeux de la Roche Posay<\/strong> (me suis dit que je ferais ensuite l&rsquo;<strong>Eluage<\/strong> matin et soir, pour voir si \u00e7a fait une diff\u00e9rence). Par-dessus je mets (aussi matin et soir) la <strong>Cr\u00e8me de la Mer<\/strong> <strong>pour les yeux<\/strong>. J&rsquo;aime beaucoup l&rsquo;odeur super discr\u00e8te, la texture douce et fine, et elle fait une bonne base de maquillage.<\/p>\n<p>Pour le reste du visage je mets (toujours matin et soir) le <strong>S\u00e9rum Cr\u00e8me Fra\u00eeche de Beaut\u00e9 de Nuxe<\/strong>. J&rsquo;adore l&rsquo;odeur, il est confortable, ma peau tire moins depuis que je l&rsquo;utilise. Par contre je me trouve devant un nouveau dilemme parce qu&rsquo;il y a marqu\u00e9 dessus qu&rsquo;on peut le mettre aussi autour des yeux. Sauf que je mets d\u00e9j\u00e0 2 trucs, autour des yeux, je vais peut-\u00eatre quand m\u00eame pas en rajouter un 3\u00e8me&#8230; ou alors faut que je vire un des 2 premiers, mais \u00e7a m&rsquo;ennuie&#8230; dilemme&#8230; (bon et puis la pompe du flacon marche pas, je suis oblig\u00e9e de d\u00e9visser le biniou pour sortir le produit \u00e0 la main, c&rsquo;est pas pratique ;-).<\/p>\n<p>Et enfin je mets (oui oui, matin et soir aussi) la <strong>Cr\u00e8me pour Peaux Intol\u00e9rantes d&rsquo;Av\u00e8ne<\/strong>. Parce que j&rsquo;aime bien l&rsquo;utiliser entre deux s\u00e9ries de soins plus \u00ab\u00a0compliqu\u00e9s\u00a0\u00bb, ma peau a l&rsquo;air d&rsquo;appr\u00e9cier, comme si \u00e7a la reposait.<\/p>\n","protected":false},"excerpt":{"rendered":"<p><strong>CLIQUEZ SUR LE TITRE POUR ACCEDER AU TEXTE ET AUX COMMENTAIRES.<\/strong><\/p>\n<p><img loading=\"lazy\" decoding=\"async\" class=\"alignnone size-full wp-image-134695\" title=\"ma peau carbure 39\" src=\"http:\/\/www.monblogdefille.com\/blog\/wp-content\/uploads\/2011\/03\/ma-peau-carbure-39.jpg\" alt=\"\" width=\"500\" height=\"375\" \/><\/p>\n","protected":false},"author":3,"featured_media":134695,"comment_status":"open","ping_status":"open","sticky":false,"template":"","format":"standard","meta":{"footnotes":""},"categories":[20028,1489],"tags":[20064,19995,19989],"class_list":["post-134694","post","type-post","status-publish","format-standard","has-post-thumbnail","hentry","category-en-ce-moment-ma-peau-carbure-a-ca","category-le-soin","tag-anti-rides","tag-avene","tag-contour-des-yeux"],"_links":{"self":[{"href":"https:\/\/www.monblogdefille.com\/blog\/wp-json\/wp\/v2\/posts\/134694","targetHints":{"allow":["GET"]}}],"collection":[{"href":"https:\/\/www.monblogdefille.com\/blog\/wp-json\/wp\/v2\/posts"}],"about":[{"href":"https:\/\/www.monblogdefille.com\/blog\/wp-json\/wp\/v2\/types\/post"}],"author":[{"embeddable":true,"href":"https:\/\/www.monblogdefille.com\/blog\/wp-json\/wp\/v2\/users\/3"}],"replies":[{"embeddable":true,"href":"https:\/\/www.monblogdefille.com\/blog\/wp-json\/wp\/v2\/comments?post=134694"}],"version-history":[{"count":0,"href":"https:\/\/www.monblogdefille.com\/blog\/wp-json\/wp\/v2\/posts\/134694\/revisions"}],"wp:featuredmedia":[{"embeddable":true,"href":"https:\/\/www.monblogdefille.com\/blog\/wp-json\/wp\/v2\/media\/134695"}],"wp:attachment":[{"href":"https:\/\/www.monblogdefille.com\/blog\/wp-json\/wp\/v2\/media?parent=134694"}],"wp:term":[{"taxonomy":"category","embeddable":true,"href":"https:\/\/www.monblogdefille.com\/blog\/wp-json\/wp\/v2\/categories?post=134694"},{"taxonomy":"post_tag","embeddable":true,"href":"https:\/\/www.monblogdefille.com\/blog\/wp-json\/wp\/v2\/tags?post=134694"}],"curies":[{"name":"wp","href":"https:\/\/api.w.org\/{rel}","templated":true}]}}