{"id":134333,"date":"2011-02-08T08:10:33","date_gmt":"2011-02-08T07:10:33","guid":{"rendered":"http:\/\/www.monblogdefille.com\/blog\/?p=134333"},"modified":"2013-09-10T21:36:04","modified_gmt":"2013-09-10T19:36:04","slug":"le-bombardieeeeeeeeeeeeeeer","status":"publish","type":"post","link":"https:\/\/www.monblogdefille.com\/blog\/le-bombardieeeeeeeeeeeeeeer\/","title":{"rendered":"Le bombardieeeeeeeeeeeeeeer !!!"},"content":{"rendered":"<p><img loading=\"lazy\" decoding=\"async\" class=\"alignnone size-full wp-image-134334\" title=\"bombardier 1\" src=\"http:\/\/www.monblogdefille.com\/blog\/wp-content\/uploads\/2011\/02\/bombardier-1.jpg\" alt=\"\" width=\"500\" height=\"683\" \/><\/p>\n<p>Le voil\u00e0 enfin ! Il me fallait juste quelqu&rsquo;un pour faire les photos (non je sais toujours pas me servir du d\u00e9clencheur automatique), j&rsquo;ai profit\u00e9 d&rsquo;une soir\u00e9e pass\u00e9e avec Marie ;-)<\/p>\n<p>Vous voulez que je vous raconte son histoire (celle du bombardier, pas celle de Marie) ? Non ? Ca fait rien, je vous raconte quand m\u00eame.<\/p>\n<p>L&rsquo;autre jour je vais \u00e0 une pr\u00e9sentation presse, or je savais que sur le chemin entre le m\u00e9tro et le lieu de la pr\u00e9sentation, il y a une boutique Darel. Je m&rsquo;\u00e9tais pr\u00e9par\u00e9e psychologiquement \u00e0 NE PAS entrer, parce que j&rsquo;aime beaucoup Darel qui fait des tas de fringues super jolies A MA TAILLE, et que donc c&rsquo;est un endroit hypeeeeeeeeeeeer dangereux pour moi. Surtout que je r\u00eave d&rsquo;une peau lain\u00e9e depuis mille ans, et je sais que les leurs sont magnifiques (et plus encore quand elles sont sold\u00e9es).<\/p>\n<p>Evidemment, arriv\u00e9e devant la boutique je me rue \u00e0 l&rsquo;int\u00e9rieur, droit vers le rayon des peaux lain\u00e9es. Et l\u00e0 de fil en aiguille, avec une tr\u00e8s bonne vendeuse (\u00ab\u00a0on peut vous faire le paiement en deux fois\u00a0\u00bb, \u00ab\u00a0si \u00e7a vous ennuie qu&rsquo;on voit vos fesses, habituez-vous au d\u00e9but avec un pull un peu long dessous\u00a0\u00bb&#8230; &#8211; je pr\u00e9cise que le coup des fesses c&rsquo;est parce qu&rsquo;un bombardier c&rsquo;est court, par rapport aux vestes et manteaux que je porte d&rsquo;habitude, c&rsquo;est pas que \u00e7a se porte fesses nues)&#8230; j&rsquo;ai craqu\u00e9.<\/p>\n<p>En m\u00eame temps c&rsquo;est pas dur de me faire craquer pour un truc que je trouve sublime et qui me va pile poil (et qui est sold\u00e9 50%).<\/p>\n<p>J&rsquo;\u00e9tais un peu effar\u00e9e par mon achat en sortant de la boutique (du coup j&rsquo;ai appel\u00e9 ma soeur et Christian, lesquels m&rsquo;ont tous les deux engueul\u00e9e ;-)), mais au final je regrette pas une seconde. Il est magnifique \u00e0 crever et je ne l&rsquo;ai pas quitt\u00e9 depuis que je l&rsquo;ai. Alors bon, vu qu&rsquo;il fait 10 degr\u00e9s et qu&rsquo;un bombardier c&rsquo;est vachement chaud (mouton retourn\u00e9), \u00e7a demande quelques adaptations pour pas p\u00e9rir de chaleur : je vis en tee shirt depuis une semaine.<\/p>\n<p>J&rsquo;en suis dingue, vous pouvez pas savoir (en fait si vous pouvez, si vous me suivez sur Twitter ;-)) !<\/p>\n<p><img loading=\"lazy\" decoding=\"async\" class=\"alignnone size-full wp-image-134335\" title=\"bombardier 2\" src=\"http:\/\/www.monblogdefille.com\/blog\/wp-content\/uploads\/2011\/02\/bombardier-2.jpg\" alt=\"\" width=\"500\" height=\"752\" \/><\/p>\n<p><img loading=\"lazy\" decoding=\"async\" class=\"alignnone size-full wp-image-134336\" title=\"bombardier 3\" src=\"http:\/\/www.monblogdefille.com\/blog\/wp-content\/uploads\/2011\/02\/bombardier-3.jpg\" alt=\"\" width=\"500\" height=\"711\" \/><\/p>\n<p><img loading=\"lazy\" decoding=\"async\" class=\"alignnone size-full wp-image-134337\" title=\"bombardier 4\" src=\"http:\/\/www.monblogdefille.com\/blog\/wp-content\/uploads\/2011\/02\/bombardier-4.jpg\" alt=\"\" width=\"500\" height=\"752\" \/><\/p>\n<p>PS : en vrai mes boucles d&rsquo;oreilles (les plus belles que la terre ait jamais port\u00e9) sont vertes et brique, pas bleues et brique, c&rsquo;est un MPNE &#8211; Myst\u00e8re Photographique Non Elucid\u00e9).<\/p>\n<p style=\"text-align: center;\"><span style=\"text-decoration: underline;\"><em><strong>Merci <a href=\"http:\/\/www.marieluvpink.com\/\" target=\"_blank\" rel=\"noopener\">Marie <\/a>pour les photos !<\/strong><\/em><\/span><\/p>\n","protected":false},"excerpt":{"rendered":"<p>Le voil\u00e0 enfin ! Il me fallait juste quelqu&rsquo;un pour faire les photos (non je sais toujours pas me servir du d\u00e9clencheur automatique), j&rsquo;ai profit\u00e9 d&rsquo;une soir\u00e9e pass\u00e9e avec Marie ;-) Vous voulez que je&#8230;<br \/> <a class=\"read-more\" href=\"https:\/\/www.monblogdefille.com\/blog\/le-bombardieeeeeeeeeeeeeeer\/\">Lire la suite \u00bb<\/a><\/p>\n","protected":false},"author":3,"featured_media":134334,"comment_status":"open","ping_status":"open","sticky":false,"template":"","format":"standard","meta":{"footnotes":""},"categories":[19927],"tags":[20133],"class_list":["post-134333","post","type-post","status-publish","format-standard","has-post-thumbnail","hentry","category-looks","tag-mode"],"_links":{"self":[{"href":"https:\/\/www.monblogdefille.com\/blog\/wp-json\/wp\/v2\/posts\/134333","targetHints":{"allow":["GET"]}}],"collection":[{"href":"https:\/\/www.monblogdefille.com\/blog\/wp-json\/wp\/v2\/posts"}],"about":[{"href":"https:\/\/www.monblogdefille.com\/blog\/wp-json\/wp\/v2\/types\/post"}],"author":[{"embeddable":true,"href":"https:\/\/www.monblogdefille.com\/blog\/wp-json\/wp\/v2\/users\/3"}],"replies":[{"embeddable":true,"href":"https:\/\/www.monblogdefille.com\/blog\/wp-json\/wp\/v2\/comments?post=134333"}],"version-history":[{"count":0,"href":"https:\/\/www.monblogdefille.com\/blog\/wp-json\/wp\/v2\/posts\/134333\/revisions"}],"wp:featuredmedia":[{"embeddable":true,"href":"https:\/\/www.monblogdefille.com\/blog\/wp-json\/wp\/v2\/media\/134334"}],"wp:attachment":[{"href":"https:\/\/www.monblogdefille.com\/blog\/wp-json\/wp\/v2\/media?parent=134333"}],"wp:term":[{"taxonomy":"category","embeddable":true,"href":"https:\/\/www.monblogdefille.com\/blog\/wp-json\/wp\/v2\/categories?post=134333"},{"taxonomy":"post_tag","embeddable":true,"href":"https:\/\/www.monblogdefille.com\/blog\/wp-json\/wp\/v2\/tags?post=134333"}],"curies":[{"name":"wp","href":"https:\/\/api.w.org\/{rel}","templated":true}]}}