{"id":134128,"date":"2011-01-21T08:31:22","date_gmt":"2011-01-21T07:31:22","guid":{"rendered":"http:\/\/www.monblogdefille.com\/blog\/?p=134128"},"modified":"2011-01-27T11:04:17","modified_gmt":"2011-01-27T10:04:17","slug":"ma-trousse-a-make-up-autrichienne","status":"publish","type":"post","link":"https:\/\/www.monblogdefille.com\/blog\/ma-trousse-a-make-up-autrichienne\/","title":{"rendered":"Ma trousse \u00e0 make up autrichienne"},"content":{"rendered":"<p>Y&rsquo;en a qui passent mille ans devant leur dressing \u00e0 se demander quoi prendre quand elles partent en week end, moi je passe mille ans devant ma commode \u00e0 maquillage (et j&rsquo;y r\u00e9fl\u00e9chis aussi la nuit).<\/p>\n<p>Parce que je vous rappelle que je ne transporte pas de pinceaux (pour ne pas les ab\u00eemer), et qu&rsquo;en plus ce coup-ci je suis super limit\u00e9e par la taille de ma valise et les consignes de s\u00e9curit\u00e9 (p\u00e9nibles).<\/p>\n<p>C&rsquo;est \u00e0 dire que d&rsquo;habitude je fous tout en soute donc rien ne pose probl\u00e8me, ni la taille de mon bagage ni ce qu&rsquo;il y a dedans. L\u00e0 par contre il faut miniaturiser \u00e0 mort (vachement fastoche quand on doit emporter des moonboots), et que \u00e7a fasse moins de 100 ml et tout le toutim. Pas que mes flacons de fond de teint fassent 1 litre, mais quand m\u00eame, \u00e7a r\u00e9duit les possibilit\u00e9s.<\/p>\n<p>DONC (oui j&rsquo;en viens au fait), j&rsquo;ai fait des tests cette semaine pour voir ce qui \u00e9tait le plus pratique et qui allait le mieux ensemble, et j&rsquo;en suis arriv\u00e9e \u00e0 cette trousse minimaliste (cela dit vu qu&rsquo;on sera soit en peignoir au spa, soit bourr\u00e9es dans des chalets de montagne, je pense pas que mon maquillage soit super important) :<\/p>\n<p><img loading=\"lazy\" decoding=\"async\" class=\"alignnone size-full wp-image-134129\" title=\"trousse make up autrichienne\" src=\"http:\/\/www.monblogdefille.com\/blog\/wp-content\/uploads\/2011\/01\/trousse-make-up-autrichienne.jpg\" alt=\"\" width=\"500\" height=\"243\" \/><\/p>\n<p>Le nouveau <strong>fond de teint Shiseido<\/strong>, qui est une TUERIE DEMENTE !!!!!!!!!! Je le trouve plus beau que le Nars, vous imaginez ??? Je vous le montre de plus pr\u00e8s tr\u00e8s vite, oeuf corse (en plus le flacon est minuscule &#8211; pourtant 30 ml &#8211; et l\u00e9ger, id\u00e9al vu les circonstances).<\/p>\n<p><strong>L&rsquo;anticernes Double Wear Lauder<\/strong>, mon pr\u00e9f\u00e9r\u00e9 quand je n&#8217;emporte pas de poudre. Et sans doute le seul qui ne mente pas quand il dit qu&rsquo;il ne file pas dans les plis.<\/p>\n<p>Mon <strong>blush Illamasqua Dixie<\/strong> (cr\u00e8me = pos\u00e9 au doigt = youhou).<\/p>\n<p>Un <strong>mascara Bobbi Brown<\/strong>.<\/p>\n<p>Mon <strong>rouge \u00e0 l\u00e8vres MAC Ever Hip<\/strong> dont la couleur fra\u00eeche va bien avec le Dixie (oui je sais, je pourrais prendre juste le rouge \u00e0 l\u00e8vres et faire les joues avec. Mais \u00e0 quoi \u00e7a sert d&rsquo;avoir des blushes cr\u00e8me &#8211; sublimes -, dans ce cas ?? Aha !).<\/p>\n<p>Oui bon, maintenant faut que je trouve comment r\u00e9duire aussi la trousse de toilette, hem (non je transvase pas mes produits dans des petits flacons de voyage, \u00e7a me sao\u00fble).<br \/>\nQuant aux fringues, je pense que je vais me retrouver oblig\u00e9e de tout empiler sur moi.<br \/>\nLa classe.<\/p>\n<p><strong>Edit : gr\u00e2ce \u00e0 vous j&rsquo;ai avanc\u00e9 sur la trousse de toilette elle-m\u00eame<\/strong> (je sais toujours pas comment je vais m&rsquo;habiller, on voit bien o\u00f9 sont les priorit\u00e9s ;-).<\/p>\n<p>Donc je vais emporter \u00e7a pour mes soins visage (on va dans des h\u00f4tels 5*, je me fais pas de souci pour le shampoing et autres cr\u00e8me corps) :<\/p>\n<p><img loading=\"lazy\" decoding=\"async\" class=\"alignnone size-full wp-image-134140\" title=\"trousse toilette autrichienne 4\" src=\"http:\/\/www.monblogdefille.com\/blog\/wp-content\/uploads\/2011\/01\/trousse-toilette-autrichienne-4.jpg\" alt=\"\" width=\"500\" height=\"375\" \/><\/p>\n<p><strong>Lingettes Yes to Cucumbers<\/strong>, que je suis m\u00eame pas oblig\u00e9e de coller dans le ziploc, hop, toujours \u00e7a de gagn\u00e9 (je vais utiliser des lingettes pour la premi\u00e8re fois de ma vie, je trouve \u00e7a presque aussi exotique que d&rsquo;aller en Autriche).<\/p>\n<p><strong>Mini cr\u00e8me solaire Av\u00e8ne<\/strong> pour marcher dans la neige (le packaging est trop chou, j&rsquo;adore).<\/p>\n<p>Mon <strong>d\u00e9o<\/strong>, limite si je devais emporter que deux trucs \u00e7a serait \u00e7a et mon <strong>dentifrice<\/strong>.<\/p>\n<p>Juste ma <strong>cr\u00e8me pour les yeux Redermic<\/strong>, parce qu&rsquo;on peut la mettre matin et soir alors que la Eluage d&rsquo;Av\u00e8ne est mieux le soir.<\/p>\n<p>Ma <strong>Yu Be<\/strong> bien aim\u00e9e qui me fera visage matin et soir, contour des yeux par-dessus la Redermic pas hydratante (j&rsquo;ai d\u00e9j\u00e0 essay\u00e9, \u00e7a marche tr\u00e8s bien) et cr\u00e8me pour les mains.<\/p>\n<p>Mes DEUX <strong>baumes \u00e0 l\u00e8vres<\/strong> (oui oui) : le <strong>Bobbi Brown<\/strong> pour mes l\u00e8vres en journ\u00e9e, le <strong>Nuxe<\/strong> pour mon nez (j&rsquo;en mets apr\u00e8s CHAQUE mouchage, ben du coup j&rsquo;ai pas le nez rouge ; oui c&rsquo;est contraignant, mais ne pas avoir le nez irrit\u00e9 quand on a un m\u00e9ga rhume, \u00e7a n&rsquo;a pas de prix) et pour mes l\u00e8vres le soir.<\/p>\n<p>Aha ! J&rsquo;ai plus qu&rsquo;\u00e0 trouve un ziploc (aucune envie de me tra\u00eener chez Monop, pourvu que l&rsquo;\u00e9picier du coin ait \u00e7a), et je suis par\u00e9e !<\/p>\n","protected":false},"excerpt":{"rendered":"<p>Y&rsquo;en a qui passent mille ans devant leur dressing \u00e0 se demander quoi prendre quand elles partent en week end, moi je passe mille ans devant ma commode \u00e0 maquillage (et j&rsquo;y r\u00e9fl\u00e9chis aussi la&#8230;<br \/> <a class=\"read-more\" href=\"https:\/\/www.monblogdefille.com\/blog\/ma-trousse-a-make-up-autrichienne\/\">Lire la suite \u00bb<\/a><\/p>\n","protected":false},"author":3,"featured_media":134129,"comment_status":"open","ping_status":"open","sticky":false,"template":"","format":"standard","meta":{"footnotes":""},"categories":[1483,1485],"tags":[],"class_list":["post-134128","post","type-post","status-publish","format-standard","has-post-thumbnail","hentry","category-astuces","category-le-maquillage"],"_links":{"self":[{"href":"https:\/\/www.monblogdefille.com\/blog\/wp-json\/wp\/v2\/posts\/134128","targetHints":{"allow":["GET"]}}],"collection":[{"href":"https:\/\/www.monblogdefille.com\/blog\/wp-json\/wp\/v2\/posts"}],"about":[{"href":"https:\/\/www.monblogdefille.com\/blog\/wp-json\/wp\/v2\/types\/post"}],"author":[{"embeddable":true,"href":"https:\/\/www.monblogdefille.com\/blog\/wp-json\/wp\/v2\/users\/3"}],"replies":[{"embeddable":true,"href":"https:\/\/www.monblogdefille.com\/blog\/wp-json\/wp\/v2\/comments?post=134128"}],"version-history":[{"count":0,"href":"https:\/\/www.monblogdefille.com\/blog\/wp-json\/wp\/v2\/posts\/134128\/revisions"}],"wp:featuredmedia":[{"embeddable":true,"href":"https:\/\/www.monblogdefille.com\/blog\/wp-json\/wp\/v2\/media\/134129"}],"wp:attachment":[{"href":"https:\/\/www.monblogdefille.com\/blog\/wp-json\/wp\/v2\/media?parent=134128"}],"wp:term":[{"taxonomy":"category","embeddable":true,"href":"https:\/\/www.monblogdefille.com\/blog\/wp-json\/wp\/v2\/categories?post=134128"},{"taxonomy":"post_tag","embeddable":true,"href":"https:\/\/www.monblogdefille.com\/blog\/wp-json\/wp\/v2\/tags?post=134128"}],"curies":[{"name":"wp","href":"https:\/\/api.w.org\/{rel}","templated":true}]}}