{"id":133956,"date":"2011-01-08T09:12:24","date_gmt":"2011-01-08T08:12:24","guid":{"rendered":"http:\/\/www.monblogdefille.com\/blog\/?p=133956"},"modified":"2011-01-16T12:39:59","modified_gmt":"2011-01-16T11:39:59","slug":"bilan-de-mon-rehaussement-de-cils","status":"publish","type":"post","link":"https:\/\/www.monblogdefille.com\/blog\/bilan-de-mon-rehaussement-de-cils\/","title":{"rendered":"Bilan de mon r\u00e9haussement de cils"},"content":{"rendered":"<p><iframe loading=\"lazy\" width=\"940\" height=\"705\" src=\"https:\/\/www.youtube.com\/embed\/hX-Pu7O07jo?feature=oembed\" frameborder=\"0\" allowfullscreen><\/iframe><\/p>\n<p>Le billet d&rsquo;origine, \u00e9crit juste apr\u00e8s le r\u00e9haussement,<a href=\"http:\/\/www.monblogdefille.com\/blog\/rehaussement-de-cils\" target=\"_blank\"> est ici<\/a>.<\/p>\n<p>Avant le Rehaucils (sans mascara, \u00e7a saute aux yeux ;-) :<\/p>\n<p><img loading=\"lazy\" decoding=\"async\" class=\"alignnone size-full wp-image-133278\" title=\"rehaucils avant 1\" src=\"http:\/\/www.monblogdefille.com\/blog\/wp-content\/uploads\/2010\/11\/rehaucils-avant-1.jpg\" alt=\"\" width=\"500\" height=\"221\" \/><\/p>\n<p>Juste apr\u00e8s le Rehaucils (+ teinture), sans mascara :<\/p>\n<p><img loading=\"lazy\" decoding=\"async\" class=\"alignnone size-full wp-image-133279\" title=\"rehaucils apr\u00e8s 1\" src=\"http:\/\/www.monblogdefille.com\/blog\/wp-content\/uploads\/2010\/11\/rehaucils-apr\u00e8s-1.jpg\" alt=\"\" width=\"500\" height=\"212\" \/><\/p>\n<p>8 semaines apr\u00e8s le Rehaucils, sans mascara :<\/p>\n<p><img loading=\"lazy\" decoding=\"async\" class=\"alignnone size-full wp-image-133957\" title=\"bilan rehaucils 1 sans mascara\" src=\"http:\/\/www.monblogdefille.com\/blog\/wp-content\/uploads\/2011\/01\/bilan-rehaucils-1-sans-mascara.jpg\" alt=\"\" width=\"500\" height=\"404\" \/><\/p>\n<p><img loading=\"lazy\" decoding=\"async\" class=\"alignnone size-full wp-image-133958\" title=\"bilan rehaucils 3 sans mascara\" src=\"http:\/\/www.monblogdefille.com\/blog\/wp-content\/uploads\/2011\/01\/bilan-rehaucils-3-sans-mascara.jpg\" alt=\"\" width=\"500\" height=\"206\" \/><\/p>\n<p>8 semaine apr\u00e8s le Rehaucils, avec mascara :<\/p>\n<p><img loading=\"lazy\" decoding=\"async\" class=\"alignnone size-full wp-image-133959\" title=\"bilan rehaucils 2 avec mascara\" src=\"http:\/\/www.monblogdefille.com\/blog\/wp-content\/uploads\/2011\/01\/bilan-rehaucils-2-avec-mascara.jpg\" alt=\"\" width=\"500\" height=\"422\" \/><\/p>\n<p><img loading=\"lazy\" decoding=\"async\" class=\"alignnone size-full wp-image-133960\" title=\"bilan rehaucils 4 avec mascara\" src=\"http:\/\/www.monblogdefille.com\/blog\/wp-content\/uploads\/2011\/01\/bilan-rehaucils-4-avec-mascara.jpg\" alt=\"\" width=\"500\" height=\"199\" \/><\/p>\n<p><strong>Edit <\/strong>: si vous avez des vell\u00e9it\u00e9s d&rsquo;aller vous faire refaire la ligne des sourcils \u00e0 l&rsquo;Atelier du sourcil, je ne saurais trop vous sugg\u00e9rer de lire avant <a href=\"http:\/\/www.marieluvpink.com\/archive\/2011\/01\/16\/test-atelier-du-sourcil.html#more\" target=\"_blank\" rel=\"noopener\">le billet de Marie<\/a> sur le sujet.<\/p>\n","protected":false},"excerpt":{"rendered":"<p><strong>POUR VOIR LA VIDEO,<a href=\"http:\/\/www.monblogdefille.com\/blog\/bilan-de-mon-rehaussement-de-cils\" target=\"_self\"> CLIQUEZ ICI<\/a><\/strong><\/p>\n","protected":false},"author":3,"featured_media":133278,"comment_status":"open","ping_status":"open","sticky":false,"template":"","format":"standard","meta":{"footnotes":""},"categories":[1479,20016,20030,19978],"tags":[20017],"class_list":["post-133956","post","type-post","status-publish","format-standard","has-post-thumbnail","hentry","category-poils-cils-sourcils","category-spas-hammams-instituts","category-teint-et-divers","category-videos","tag-instituts-hammams-et-spas"],"_links":{"self":[{"href":"https:\/\/www.monblogdefille.com\/blog\/wp-json\/wp\/v2\/posts\/133956","targetHints":{"allow":["GET"]}}],"collection":[{"href":"https:\/\/www.monblogdefille.com\/blog\/wp-json\/wp\/v2\/posts"}],"about":[{"href":"https:\/\/www.monblogdefille.com\/blog\/wp-json\/wp\/v2\/types\/post"}],"author":[{"embeddable":true,"href":"https:\/\/www.monblogdefille.com\/blog\/wp-json\/wp\/v2\/users\/3"}],"replies":[{"embeddable":true,"href":"https:\/\/www.monblogdefille.com\/blog\/wp-json\/wp\/v2\/comments?post=133956"}],"version-history":[{"count":0,"href":"https:\/\/www.monblogdefille.com\/blog\/wp-json\/wp\/v2\/posts\/133956\/revisions"}],"wp:featuredmedia":[{"embeddable":true,"href":"https:\/\/www.monblogdefille.com\/blog\/wp-json\/wp\/v2\/media\/133278"}],"wp:attachment":[{"href":"https:\/\/www.monblogdefille.com\/blog\/wp-json\/wp\/v2\/media?parent=133956"}],"wp:term":[{"taxonomy":"category","embeddable":true,"href":"https:\/\/www.monblogdefille.com\/blog\/wp-json\/wp\/v2\/categories?post=133956"},{"taxonomy":"post_tag","embeddable":true,"href":"https:\/\/www.monblogdefille.com\/blog\/wp-json\/wp\/v2\/tags?post=133956"}],"curies":[{"name":"wp","href":"https:\/\/api.w.org\/{rel}","templated":true}]}}