{"id":133798,"date":"2010-12-28T08:11:59","date_gmt":"2010-12-28T07:11:59","guid":{"rendered":"http:\/\/www.monblogdefille.com\/blog\/?p=133798"},"modified":"2014-01-31T20:26:32","modified_gmt":"2014-01-31T19:26:32","slug":"jai-teste-fructis-avec-mannick","status":"publish","type":"post","link":"https:\/\/www.monblogdefille.com\/blog\/jai-teste-fructis-avec-mannick\/","title":{"rendered":"J\u2019ai test\u00e9 Fructis avec Mannick"},"content":{"rendered":"<p><img loading=\"lazy\" decoding=\"async\" class=\"alignnone size-full wp-image-133799\" title=\"fructis 3\" alt=\"\" src=\"http:\/\/www.monblogdefille.com\/blog\/wp-content\/uploads\/2010\/12\/fructis-3.jpg\" width=\"500\" height=\"375\" \/><\/p>\n<p>Alors moi j&rsquo;ai la gamme <a onclick=\"var img=new Image();img.src=&#039;http:\/\/network.aufeminin.com\/call\/clicpixel\/3777529\/[timestamp]?&#039;;return true;\" href=\"http:\/\/garnier2010.solution.weborama.fr\/fcgi-bin\/performance.fcgi?ID=420844&amp;A=1&amp;L=431880&amp;C=17434&amp;f=10&amp;P=23624&amp;T=E&amp;W=1&amp;CREA=10&amp;URL\" rel=\"me nofollow noopener\" target=\"_blank\">Fructis<\/a> <strong>Color Resist<\/strong>, Mannick a la gamme <strong>Volume<\/strong>, je vous raconte ma life, elle va vous raconter la sienne ensuite :<\/p>\n<p>D\u00e9j\u00e0, j&rsquo;adore l&rsquo;odeur des produits. Moi qui n&rsquo;aime pas les trucs qui sentent d&rsquo;habitude, l\u00e0 \u00e7a ne me g\u00eane pas dut out parce que \u00e7a sent les fruits, \u00e7a n&rsquo;est pas un parfum lourd, ent\u00eatant ou sucr\u00e9.<\/p>\n<p>Le Shampoing Fortifiant mousse \u00e0 mort et sent bon ;-) donc on peut en utiliser tr\u00e8s peu. A mon avis on peut m\u00eame le diluer dans de l&rsquo;eau (comme il est souvent recommand\u00e9 de faire avec le shampoing), tellement il semble concentr\u00e9.<\/p>\n<p>Le D\u00e9m\u00ealant Soin Instantan\u00e9 (= apr\u00e8s-shampoing en spray) est une tr\u00e8s bonne id\u00e9e, et c&rsquo;est une vraie d\u00e9couverte pour moi : je pensais que sur des cheveux aussi courts que les miens l&rsquo;apr\u00e8s-shampoing ne servait \u00e0 rien vu qu&rsquo;ils n&rsquo;ont pas du tout l\u2019habitude d&rsquo;\u00eatre d\u00e9m\u00eal\u00e9s (ce serait plut\u00f4t l&rsquo;inverse, \u00e0 vrai dire !) ; et bien en fait \u00e7a fait une vraie diff\u00e9rence ensuite pour le coiffage : mes cheveux sont hyper raides et poussent droit devant, c&rsquo;est \u00e0 dire que sans gel je ressemble \u00e0 un petit gar\u00e7on chinois, et m\u00eame avec du gel il y a vraiment du boulot pour dompter tout \u00e7a.<\/p>\n<p>Et bien avec cet apr\u00e8s-shampoing en spray, mes cheveux sont plus souples, moins genre \u00ab\u00a0h\u00e9riss\u00e9s sur ma t\u00eate\u00a0\u00bb et donc plus faciles \u00e0 coiffer au gel (cela dit la premi\u00e8re fois j&rsquo;en avais trop mis et du coup mes cheveux \u00e9taient comme alourdis, il faut y aller mollo).<\/p>\n<p>L&rsquo;Apr\u00e8s-shampoing Fortifiant et le Masque Fondant Instantan\u00e9 (qui ne n\u00e9cessitent pas de temps de pose, all\u00e9luyah, il n&rsquo;y a rien que je d\u00e9teste plus que rester dans ma douche \u00e0 me cailler pendant la pose d&rsquo;un masque) rendent mes cheveux tout doux et un peu plus faciles \u00e0 dompter au gel aussi. Idem pour le masque dans le gros pot, \u00e7a les rend moins rebelles.<\/p>\n<p>Le Masque Protecteur Haute Nutrition est super agr\u00e9able et fait les cheveux tout doux, tout \u00e7a avec seulement 1 minute de temps de pause, c&rsquo;est tout \u00e0 fait un produit pour moi (et lui aussi rend mes cheveux l\u00e9g\u00e8rement plus souples).<\/p>\n<p>Conclusion : sur ma longueur de cheveux c&rsquo;est difficile de se rendre compte de l&rsquo;action d&rsquo;un produit comme sur des cheveux longs, mais pour moi bonne odeur + coiffage facilit\u00e9 = tout \u00e0 fait positif.<\/p>\n<p><strong>Mannick, c&rsquo;est \u00e0 toi :<\/strong><\/p>\n<p>\u00ab\u00a0J&rsquo;ai re\u00e7u un shampooing et un apr\u00e8s-shampooing de la gamme Volume.<\/p>\n<p>D&rsquo;abord l&rsquo;aspect et la texture.<\/p>\n<p>Les flacons ont \u00e9t\u00e9 relook\u00e9s, joliment je dois dire, bien que toujours un peu trop voyants \u00e0 mon go\u00fbt, mais il y a du mieux.<\/p>\n<p>Le shampooing est incolore, ce que j&rsquo;aime bien en r\u00e8gle g\u00e9n\u00e9rale, c&rsquo;est peut-\u00eatre psychologique, mais je trouve cela plus \u00ab\u00a0pur\u00a0\u00bb d&rsquo;aspect. L&rsquo;odeur est assez discr\u00e8te. Perso en tout cas. Ce qui est un peu dommage car j&rsquo;aime bien les shampooings qui sentent \u00ab\u00a0bon\u00a0\u00bb, apr\u00e8s c&rsquo;est affaire de go\u00fbt niveau parfums.<\/p>\n<p>Il mousse pas mal, \u00e7a j&rsquo;aime je dois dire, m\u00eame si ce n&rsquo;est pas para\u00eet-il un gage d&rsquo;efficacit\u00e9 selon certains, moi j&rsquo;aime quand \u00e7a mousse :) toujours cette impression de \u00ab\u00a0propre\u00a0\u00bb.<\/p>\n<p>Apr\u00e8s je me suis jet\u00e9e sur l&rsquo;apr\u00e8s-shampooing parce que l&rsquo;eau est tr\u00e8s calcaire chez moi et donc mes cheveux sont r\u00eaches et ont besoin d&rsquo;\u00eatre r\u00e9par\u00e9s. Je n&rsquo;adore pas leur apr\u00e8s-shampooing, je les trouve un peu visqueux. Mais il d\u00e9m\u00eale bien les cheveux et je les ai trouv\u00e9s assez lisses apr\u00e8s la fin du rin\u00e7age. Et facile \u00e0 d\u00e9m\u00ealer. Mouill\u00e9s.<\/p>\n<p>Apr\u00e8s s\u00e9chage et brushing, par contre, un peu plus difficile, ils accrochent un peu la brosse. Mais au final, mes cheveux ont tout de m\u00eame pris un joli volume et ils \u00e9taient assez doux, m\u00eame si je les aimerais un peu plus lisses, mais l\u00e0, aucun autre shampooing n&rsquo;y est arriv\u00e9, il n&rsquo;y a que la coiffeuse !!!<\/p>\n<p>Ils sont rest\u00e9s souples et volumineux toute la journ\u00e9e sans probl\u00e8me. \u00c9videmment, le lendemain matin, un peu raplaplas, mais peut-\u00eatre un peu moins que d&rsquo;habitude, ce que je veux dire c&rsquo;est que je les ai trouv\u00e9s encore assez \u00ab\u00a0gonfl\u00e9s\u00a0\u00bb par rapport \u00e0 certains shampooings le deuxi\u00e8me jour. D&rsquo;o\u00f9 mon besoin de me laver les cheveux presque tous les jours pour avoir un bon volume, l\u00e0, je pense que deux jours c&rsquo;\u00e9tait jouable. Et comme ma coiffeuse me conseille toujours de me les laver un jour sur deux, plut\u00f4t que tous les jours, j&rsquo;ai pu tenir deux jours donc.<\/p>\n<p>Au niveau de la composition du produit, je suis assez ignare, donc j&rsquo;ai jet\u00e9 un \u0153il sur les ingr\u00e9dients, mais sans les commentaires d&rsquo;un conjoint scientifique, je n&rsquo;aurais pas su vous dire. De toutes fa\u00e7ons je ne suis pas une mordue absolue de \u00ab\u00a0bio\u00a0\u00bb, du moins je commence juste \u00e0 m&rsquo;initier donc, depuis que j&rsquo;utilise Fructis, je n&rsquo;ai pas eu plus de probl\u00e8mes qu&rsquo;avec d&rsquo;autres, bio ou pas bio.<\/p>\n<p>Conclusion :<\/p>\n<p>Je trouve leurs produits un peu \u00e9pais et \u00ab\u00a0gluants\u00a0\u00bb, mais l\u00e0 j&rsquo;ai aim\u00e9 la texture transparente shampooing. L&rsquo;odeur est discr\u00e8te ce qui ne me g\u00eane pas, m\u00eame si je suis assez influenc\u00e9e par les senteurs en g\u00e9n\u00e9ral. Et l&rsquo;apr\u00e8s-shampooing a bien r\u00e9par\u00e9 la s\u00e8cheresse de mes cheveux\u00a0!<\/p>\n<p>Un joli volume j&rsquo;ai trouv\u00e9, qui m&rsquo;a permis de tenir deux jours, enfin de me faire les shampooings un jour sur deux au lieu de tous les jours.<\/p>\n<p>J&rsquo;aime la mention \u00ab\u00a0sans silicones\u00a0\u00bb.<\/p>\n<p>Je suis pr\u00eate \u00e0 continuer l&rsquo;utilisation de Fructis, mais par contre, toujours en alternance avec mes produits plus cibl\u00e9s vendus chez le coiffeur ou \u00e0 la pharmacie.<\/p>\n<p>Pas de rougeurs suspectes apr\u00e8s utilisation. Ni d&rsquo;irritations. Enfin pas plus que d&rsquo;habitude (j&rsquo;ai une peau tr\u00e8s sensible donc c&rsquo;est bon signe).<\/p>\n<p>Sign\u00e9 : Mannick\u00a0\u00bb<\/p>\n<p>Voil\u00e0\u00e0\u00e0\u00e0\u00e0\u00e0\u00e0\u00e0\u00e0, en conclusion on est contentes toutes les deux quoi ;-)<\/p>\n<p><em>Billet sponsoris\u00e9<\/em><\/p>\n<p><img loading=\"lazy\" decoding=\"async\" style=\"display: none;\" alt=\"\" src=\"http:\/\/network.aufeminin.com\/call\/pubimppixel\/3777529\/[timestamp]?\" width=\"1\" height=\"1\" border=\"0\" \/><\/p>\n","protected":false},"excerpt":{"rendered":"<p>Alors moi j&rsquo;ai la gamme Fructis Color Resist, Mannick a la gamme Volume, je vous raconte ma life, elle va vous raconter la sienne ensuite : D\u00e9j\u00e0, j&rsquo;adore l&rsquo;odeur des produits. Moi qui n&rsquo;aime pas&#8230;<br \/> <a class=\"read-more\" href=\"https:\/\/www.monblogdefille.com\/blog\/jai-teste-fructis-avec-mannick\/\">Lire la suite \u00bb<\/a><\/p>\n","protected":false},"author":3,"featured_media":133799,"comment_status":"open","ping_status":"open","sticky":false,"template":"","format":"standard","meta":{"footnotes":""},"categories":[1],"tags":[19946,20082],"class_list":["post-133798","post","type-post","status-publish","format-standard","has-post-thumbnail","hentry","category-uncategorized","tag-cheveux","tag-concours"],"_links":{"self":[{"href":"https:\/\/www.monblogdefille.com\/blog\/wp-json\/wp\/v2\/posts\/133798","targetHints":{"allow":["GET"]}}],"collection":[{"href":"https:\/\/www.monblogdefille.com\/blog\/wp-json\/wp\/v2\/posts"}],"about":[{"href":"https:\/\/www.monblogdefille.com\/blog\/wp-json\/wp\/v2\/types\/post"}],"author":[{"embeddable":true,"href":"https:\/\/www.monblogdefille.com\/blog\/wp-json\/wp\/v2\/users\/3"}],"replies":[{"embeddable":true,"href":"https:\/\/www.monblogdefille.com\/blog\/wp-json\/wp\/v2\/comments?post=133798"}],"version-history":[{"count":0,"href":"https:\/\/www.monblogdefille.com\/blog\/wp-json\/wp\/v2\/posts\/133798\/revisions"}],"wp:featuredmedia":[{"embeddable":true,"href":"https:\/\/www.monblogdefille.com\/blog\/wp-json\/wp\/v2\/media\/133799"}],"wp:attachment":[{"href":"https:\/\/www.monblogdefille.com\/blog\/wp-json\/wp\/v2\/media?parent=133798"}],"wp:term":[{"taxonomy":"category","embeddable":true,"href":"https:\/\/www.monblogdefille.com\/blog\/wp-json\/wp\/v2\/categories?post=133798"},{"taxonomy":"post_tag","embeddable":true,"href":"https:\/\/www.monblogdefille.com\/blog\/wp-json\/wp\/v2\/tags?post=133798"}],"curies":[{"name":"wp","href":"https:\/\/api.w.org\/{rel}","templated":true}]}}