{"id":13376,"date":"2006-11-06T13:58:16","date_gmt":"2006-11-06T12:58:16","guid":{"rendered":"http:\/\/localhost\/wordpress\/?p=13376"},"modified":"2012-07-03T07:07:29","modified_gmt":"2012-07-03T05:07:29","slug":"festival-culturel-bielorusse-du-13-au-19-novembre-2006-a-paris","status":"publish","type":"post","link":"https:\/\/www.monblogdefille.com\/blog\/festival-culturel-bielorusse-du-13-au-19-novembre-2006-a-paris\/","title":{"rendered":"Festival culturel bi\u00e9lorusse du 13 au 19 novembre 2006 \u00e0 Paris"},"content":{"rendered":"<p><img decoding=\"async\" src=\"wp-content\/themes\/default\/images\/logo_belprojet.jpg\" alt=\"belprojet\" align=\"right\" hspace=\"5px\"\/>Bien s\u00fbr que \u00e7a a un rapport avec la choucroute, z\u2019allez voir.<br \/>\n<br \/>Notre Ministre des Affaires Etrang\u00e8res, Delphinoid, organise avec son association franco-bi\u00e9lorusse <a href=\"http:\/\/www.adeef.org\/belprojet\/index.htm\" hreflang=\"fr\" target=\"_blank\" rel=\"noopener\">BelProjet<\/a>, un festival de culture bi\u00e9lorusse \u00e0 Paris.<br \/>\n<br \/>Celui-ci commencera le 13 novembre pour prendre fin le 19.<br \/>\n<br \/>Mais qu\u2019est-ce que vient faire la Bi\u00e9lorussie sur mon blog de fille, bon sang ?, allez-vous vous demander, interloqu\u00e9es.<br \/>\n<br \/>D\u2019abord Delphonid est mon amie et je tiens \u00e0 l\u2019aider pour ce projet qui lui a demand\u00e9 un travail assez dingue. Ensuite parce que le projet lui-m\u00eame me semble important : la Bi\u00e9lorussie est la derni\u00e8re dictature d\u00e9clar\u00e9e d\u2019Europe ; art ind\u00e9pendant et dictature faisant rarement bon m\u00e9nage, les artistes invit\u00e9s n\u2019ont pas dans leur pays la possibilit\u00e9 de s\u2019exprimer comme ils le feront \u00e0 Paris pendant ce festival.<br \/>\n<br \/>Aider peut-\u00eatre un tout petit peu les Droits de l\u2019Homme \u00e0 avancer, forc\u00e9ment l\u2019id\u00e9e me pla\u00eet.<br \/>\n<br \/>Et puis je vous rappelle que je suis l\u2019heureuse propri\u00e9taire d\u2019un gloss bi\u00e9lorusse ravissant, ce qui me rend encore plus sensible \u00e0 cette cause (oui c\u2019est de l\u2019humour cynique expr\u00e8s, commencez pas \u00e0 monter sur vos grands chevaux).<br \/>\n<br \/>Ce festival comprend des expos photos, des conf\u00e9rences, une projection cin\u00e9ma (le mardi 14, \u00e0 laquelle je compte bien assister), une repr\u00e9sentation du th\u00e9\u00e2tre libre, des soir\u00e9es po\u00e9sie et musique, un concert folk-rock. <\/p>\n<p>PS : je prie les autres membres de l\u2019association de m\u2019excuser si je ne les cite pas puisque je ne les connais pas, je sais que ce festival repr\u00e9sente un travail et un investissement consid\u00e9rables pour pas mal de personnes.<\/p>\n","protected":false},"excerpt":{"rendered":"<p>Bien s\u00fbr que \u00e7a a un rapport avec la choucroute, z\u2019allez voir. Notre Ministre des Affaires Etrang\u00e8res, Delphinoid, organise avec son association franco-bi\u00e9lorusse BelProjet, un festival de culture bi\u00e9lorusse \u00e0 Paris. Celui-ci commencera le 13&#8230;<br \/> <a class=\"read-more\" href=\"https:\/\/www.monblogdefille.com\/blog\/festival-culturel-bielorusse-du-13-au-19-novembre-2006-a-paris\/\">Lire la suite \u00bb<\/a><\/p>\n","protected":false},"author":3,"featured_media":0,"comment_status":"open","ping_status":"open","sticky":false,"template":"","format":"standard","meta":{"footnotes":""},"categories":[19926],"tags":[],"class_list":["post-13376","post","type-post","status-publish","format-standard","hentry","category-culture-et-sorties"],"_links":{"self":[{"href":"https:\/\/www.monblogdefille.com\/blog\/wp-json\/wp\/v2\/posts\/13376","targetHints":{"allow":["GET"]}}],"collection":[{"href":"https:\/\/www.monblogdefille.com\/blog\/wp-json\/wp\/v2\/posts"}],"about":[{"href":"https:\/\/www.monblogdefille.com\/blog\/wp-json\/wp\/v2\/types\/post"}],"author":[{"embeddable":true,"href":"https:\/\/www.monblogdefille.com\/blog\/wp-json\/wp\/v2\/users\/3"}],"replies":[{"embeddable":true,"href":"https:\/\/www.monblogdefille.com\/blog\/wp-json\/wp\/v2\/comments?post=13376"}],"version-history":[{"count":0,"href":"https:\/\/www.monblogdefille.com\/blog\/wp-json\/wp\/v2\/posts\/13376\/revisions"}],"wp:attachment":[{"href":"https:\/\/www.monblogdefille.com\/blog\/wp-json\/wp\/v2\/media?parent=13376"}],"wp:term":[{"taxonomy":"category","embeddable":true,"href":"https:\/\/www.monblogdefille.com\/blog\/wp-json\/wp\/v2\/categories?post=13376"},{"taxonomy":"post_tag","embeddable":true,"href":"https:\/\/www.monblogdefille.com\/blog\/wp-json\/wp\/v2\/tags?post=13376"}],"curies":[{"name":"wp","href":"https:\/\/api.w.org\/{rel}","templated":true}]}}