{"id":13365,"date":"2006-09-07T08:50:20","date_gmt":"2006-09-07T07:50:20","guid":{"rendered":"http:\/\/localhost\/wordpress\/?p=13365"},"modified":"2009-01-26T01:37:42","modified_gmt":"2009-01-26T00:37:42","slug":"estheticienne-dans-le-11eme-a-paris-pour-jeanne","status":"publish","type":"post","link":"https:\/\/www.monblogdefille.com\/blog\/estheticienne-dans-le-11eme-a-paris-pour-jeanne\/","title":{"rendered":"Esth\u00e9ticienne dans le 11\u00e8me \u00e0 Paris pour Jeanne"},"content":{"rendered":"<p><img decoding=\"async\" src=\"wp-content\/themes\/default\/images\/wanted3.jpg\" alt=\"wanted\" align=\"left\" hspace=\"5\" \/>\u00ab Je dois avouer une chose horrible \u00e0 la face du web mondial : je ne suis JAMAIS all\u00e9e chez une esth\u00e9ticienne. Je me suis toujours arrach\u00e9 les poils toute seule (en mordant dans une ceinture en cuir pendant que je m&rsquo;\u00e9bouillantais les mollets), je me suis exfoli\u00e9 le visage et le corps comme une grande (en me faisant des belles plaques rouges qui partaient sous 48h en moyenne), et j&rsquo;ai mis moi-m\u00eame mes cr\u00e8mes pour \u00eatre plus belle qu&rsquo;hier et moins que demain.<\/p>\n<p>Sauf qu&rsquo;aujourd&rsquo;hui la pro\u00e9minence outrageuse de mon ventre de femme enceinte me prive de ces charmants loisirs. Je ne vois plus tr\u00e8s bien mes jambes je crains de mal viser le peu que j&rsquo;aper\u00e7ois avec la cire br\u00fblante&#8230;<br \/>\nPour le rapage de corps et l&rsquo;\u00e9talage de produits co\u00fbteux sur mon \u00e9piderme fr\u00e2\u00e2\u00e2\u00e2gile, m\u00eame chose. J&rsquo;y vois que dalle et je n&rsquo;arrive plus \u00e0 me contorsionner.<\/p>\n<p>Tout \u00e7a pour dire que j&rsquo;ai besoin d&rsquo;une esth\u00e9ticienne.<\/p>\n<p>Je veux qu&rsquo;elle soit gentille, parce que si on doit s&rsquo;attaquer sauvagement \u00e0 ma pilosit\u00e9, je veux un peu de tendresse, bordel.<\/p>\n<p>Je veux qu&rsquo;elle soit abordable parce que je ne compte pas vendre un rein pour quelques poils disgracieux.<\/p>\n<p>Et je voudrais qu&rsquo;elle soit pas trop loin de chez moi parce que je suis flemmarde.<\/p>\n<p>Si au passage vous connaissez aussi un endroit o\u00f9 on accepte de me repeindre les z&rsquo;ongles de pieds pour une somme modique, c&rsquo;est la f\u00eate.<\/p>\n<p>Parce que la derni\u00e8re fois, j&rsquo;ai juste peint mes z&rsquo;orteils. Et c&rsquo;est tr\u00e8s moche.<\/p>\n<p>Merci d&rsquo;avance!<\/p>\n<p>Sign\u00e9 : Jeanne \u00bb<\/p>\n","protected":false},"excerpt":{"rendered":"<p>\u00ab Je dois avouer une chose horrible \u00e0 la face du web mondial : je ne suis JAMAIS all\u00e9e chez une esth\u00e9ticienne. Je me suis toujours arrach\u00e9 les poils toute seule (en mordant dans une&#8230;<br \/> <a class=\"read-more\" href=\"https:\/\/www.monblogdefille.com\/blog\/estheticienne-dans-le-11eme-a-paris-pour-jeanne\/\">Lire la suite \u00bb<\/a><\/p>\n","protected":false},"author":3,"featured_media":0,"comment_status":"open","ping_status":"open","sticky":false,"template":"","format":"standard","meta":{"footnotes":""},"categories":[20009,1502],"tags":[],"class_list":["post-13365","post","type-post","status-publish","format-standard","hentry","category-beaute","category-wanted"],"_links":{"self":[{"href":"https:\/\/www.monblogdefille.com\/blog\/wp-json\/wp\/v2\/posts\/13365","targetHints":{"allow":["GET"]}}],"collection":[{"href":"https:\/\/www.monblogdefille.com\/blog\/wp-json\/wp\/v2\/posts"}],"about":[{"href":"https:\/\/www.monblogdefille.com\/blog\/wp-json\/wp\/v2\/types\/post"}],"author":[{"embeddable":true,"href":"https:\/\/www.monblogdefille.com\/blog\/wp-json\/wp\/v2\/users\/3"}],"replies":[{"embeddable":true,"href":"https:\/\/www.monblogdefille.com\/blog\/wp-json\/wp\/v2\/comments?post=13365"}],"version-history":[{"count":0,"href":"https:\/\/www.monblogdefille.com\/blog\/wp-json\/wp\/v2\/posts\/13365\/revisions"}],"wp:attachment":[{"href":"https:\/\/www.monblogdefille.com\/blog\/wp-json\/wp\/v2\/media?parent=13365"}],"wp:term":[{"taxonomy":"category","embeddable":true,"href":"https:\/\/www.monblogdefille.com\/blog\/wp-json\/wp\/v2\/categories?post=13365"},{"taxonomy":"post_tag","embeddable":true,"href":"https:\/\/www.monblogdefille.com\/blog\/wp-json\/wp\/v2\/tags?post=13365"}],"curies":[{"name":"wp","href":"https:\/\/api.w.org\/{rel}","templated":true}]}}