{"id":13356,"date":"2006-10-18T11:06:56","date_gmt":"2006-10-18T10:06:56","guid":{"rendered":"http:\/\/localhost\/wordpress\/?p=13356"},"modified":"2010-11-25T13:47:13","modified_gmt":"2010-11-25T12:47:13","slug":"teint-de-rose-lenquete-de-del4yo","status":"publish","type":"post","link":"https:\/\/www.monblogdefille.com\/blog\/teint-de-rose-lenquete-de-del4yo\/","title":{"rendered":"Teint de rose, l\u2019enqu\u00eate de del4yo"},"content":{"rendered":"<p><img decoding=\"async\" src=\"wp-content\/themes\/default\/images\/sephoratest1.jpg\" alt=\"sephora\" \/><img decoding=\"async\" src=\"wp-content\/themes\/default\/images\/dandelion.jpg\" alt=\"benefit\" \/><\/p>\n<p>Or donc on se posait pas mal de questions \u00e0 propos du fameux kit b\u00e8re essenchu\u00e8les \u00e9voqu\u00e9 <a href=\"http:\/\/monblogdefille.mabulle.com\/index.php\/2006\/10\/06\/71705-enfin\" hreflang=\"fr\" target=\"_blank\" rel=\"noopener\">ici<\/a>.<\/p>\n<p><a href=\"http:\/\/del4yo.blogs.com\/non_dairy_diary\/\" hreflang=\"fr\" target=\"_blank\" rel=\"noopener\">del4yo<\/a>, qui habite l\u00e0 o\u00f9 la marque prend sa source, si je peux me permettre un poncif aussi \u00e9norme mais je trouve que \u00e7a tombe pile poil dans cette phrase, est all\u00e9e enqu\u00eater sur les poudres myst\u00e9rieuses :<\/p>\n<p>\u00ab Je t&rsquo;avais propos\u00e9 de passer au nouveau mall \u00e0 San Francisco, pour poser quelques questions. J&rsquo;y suis all\u00e9e mardi et me suis retrouv\u00e9e au milieu d&rsquo;une alerte incendie ! J&rsquo;ai gentiment mais rapidement fuit vers la sortie&#8230;et je suis revenue hier.<\/p>\n<p>J&rsquo;ai donc d\u00e9barqu\u00e9 chez Bare escentuals poser les quelques questions que ton post avait soulev\u00e9es&#8230;malheureusement pas moyen de faire des photos, quel dommage parce que la boutique est ravissante ! On dirait un croisement entre une boutique d&rsquo;apothicaire et un boudoir a l&rsquo;Am\u00e9ricaine (rose rose rose).<\/p>\n<p>J&rsquo;ai \u00e9t\u00e9 tr\u00e8s bien accueillie. Il faut savoir qu&rsquo;ici la cliente est reine, pour de vrai, avec le sourire qui va avec, et il est tr\u00e8s rare d&rsquo;\u00eatre mal re\u00e7ue.<\/p>\n<p>L&rsquo;officine \u00e9tait pleine (en semaine a 11 heures du matin) de jeunes femmes venues se faire expliquer le fonctionnement de leurs produits. Visiblement pour les Californiennes aussi cette fa\u00e7on de se maquiller correspond a un changement radical. Une petite r\u00e9volution peut-\u00eatre, comme quand le mascara est devenu liquide?<\/p>\n<p>Je te traduis ici les quelques questions que j&rsquo;ai pos\u00e9es a propos du starter kit:<\/p>\n<p>&#8211; \u00e0 propos des multiples brosses et de la difficult\u00e9 de s&rsquo;en servir :<\/p>\n<p>bon l\u00e0 rien a faire, il faut regarder la vid\u00e9o. Si tu ne l&rsquo;as pas elles m&rsquo;ont gentiment fourni un CD a t&rsquo;envoyer.<\/p>\n<p>&#8211; quant aux probl\u00e8mes dus a la poudre libre&#8230;et au fait qu&rsquo;on en met partout : Swirl, tap, buff sont marques en lettres d&rsquo;argent tout autour de la boutique. Ok on a compris mais \u00e7a veut dire quoi en vrai ? Pour \u00e9viter d&rsquo;en mettre partout, il faut saupoudrer une micro quantit\u00e9 de poudre dans le couvercle, faire tourner le gros pinceau court jusqu&rsquo;\u00e0 ce que toute la poudre soit absorb\u00e9e, et la hop on maquille. Et on recommence. Ca parait long mais quand je calcule le temps qu&rsquo;il me faut pour verser mon fond de teint dans le creux de ma main, puis le passer au pinceau sur le visage (ou avec les doigts si j&rsquo;ai la flemme) et ensuite me laver les mains&#8230; Finalement \u00e7a n&rsquo;a pas l&rsquo;air \u00e9norme. Quoique. Si tout pouvait \u00eatre aussi simple qu&rsquo;une poudre compacte genre Mac, moi \u00e7a m&rsquo;irait bien.<\/p>\n<p>&#8211; derni\u00e8re question, est-ce qu&rsquo;il comptent faire une version poudre press\u00e9e? (ben oui pour les retouches, hein ?)<\/p>\n<p>Eh bien non. Quand on presse une poudre il faut rajouter des conservateurs, \u00e7a n&rsquo;est pas bon pour la peau. Et comme la marque cherche la puret\u00e9 maximum, pas question de rajouter des conservateurs, donc il va falloir s&rsquo;habituer aux poudres&#8230;<\/p>\n<p>Bref, en sortant j&rsquo;ai file chez Stila pour acheter plein de produits qui collent tout seul. Flemmarde ! \u00bb<\/p>\n<p>Merci beaucoup del4yo ! ;-)<\/p>\n<p>De mon c\u00f4t\u00e9, j\u2019ai fouin\u00e9 au Printemps et trouv\u00e9 un produit \u00e9quivalent au Mineral Veil, la poudre Dandelion chez Benefit : dans la boite c\u2019est rose vif, sur le visage \u00e7a donne juste un coup de frais \u00e9clairant. Bon \u00e9videmment \u00e7a co\u00fbte un peu 31 \u20ac, je vais attendre d\u2019avoir fini mon Mineral Veil pour craquer.<\/p>\n<p>Ce qui me fait une fine transition avec la suite : mon kit b\u00e8re chose je peux pas le donner \u00e0 l\u2019une de vous, parce que je suis en train de le d\u00e9manteler compl\u00e8tement : j\u2019utilise donc le Mineral Veil, j\u2019ai fil\u00e9 un des pinceaux \u00e0 un ami, et \u00e7a va continuer de la sorte. Il n\u2019est plus complet, on ne peut plus en faire grand-chose ;-)<\/p>\n","protected":false},"excerpt":{"rendered":"<p>Or donc on se posait pas mal de questions \u00e0 propos du fameux kit b\u00e8re essenchu\u00e8les \u00e9voqu\u00e9 ici. del4yo, qui habite l\u00e0 o\u00f9 la marque prend sa source, si je peux me permettre un poncif&#8230;<br \/> <a class=\"read-more\" href=\"https:\/\/www.monblogdefille.com\/blog\/teint-de-rose-lenquete-de-del4yo\/\">Lire la suite \u00bb<\/a><\/p>\n","protected":false},"author":3,"featured_media":0,"comment_status":"open","ping_status":"open","sticky":false,"template":"","format":"standard","meta":{"footnotes":""},"categories":[1485],"tags":[20088,19975],"class_list":["post-13356","post","type-post","status-publish","format-standard","hentry","category-le-maquillage","tag-fond-de-teint","tag-teint-parfait"],"_links":{"self":[{"href":"https:\/\/www.monblogdefille.com\/blog\/wp-json\/wp\/v2\/posts\/13356","targetHints":{"allow":["GET"]}}],"collection":[{"href":"https:\/\/www.monblogdefille.com\/blog\/wp-json\/wp\/v2\/posts"}],"about":[{"href":"https:\/\/www.monblogdefille.com\/blog\/wp-json\/wp\/v2\/types\/post"}],"author":[{"embeddable":true,"href":"https:\/\/www.monblogdefille.com\/blog\/wp-json\/wp\/v2\/users\/3"}],"replies":[{"embeddable":true,"href":"https:\/\/www.monblogdefille.com\/blog\/wp-json\/wp\/v2\/comments?post=13356"}],"version-history":[{"count":0,"href":"https:\/\/www.monblogdefille.com\/blog\/wp-json\/wp\/v2\/posts\/13356\/revisions"}],"wp:attachment":[{"href":"https:\/\/www.monblogdefille.com\/blog\/wp-json\/wp\/v2\/media?parent=13356"}],"wp:term":[{"taxonomy":"category","embeddable":true,"href":"https:\/\/www.monblogdefille.com\/blog\/wp-json\/wp\/v2\/categories?post=13356"},{"taxonomy":"post_tag","embeddable":true,"href":"https:\/\/www.monblogdefille.com\/blog\/wp-json\/wp\/v2\/tags?post=13356"}],"curies":[{"name":"wp","href":"https:\/\/api.w.org\/{rel}","templated":true}]}}