{"id":13354,"date":"2006-10-16T10:33:20","date_gmt":"2006-10-16T10:33:20","guid":{"rendered":"http:\/\/localhost\/wordpress\/?p=13354"},"modified":"2006-10-16T15:11:42","modified_gmt":"2006-10-16T15:11:42","slug":"moi-a-25-ans-jetais-completement-debile-copyright-pomme","status":"publish","type":"post","link":"https:\/\/www.monblogdefille.com\/blog\/moi-a-25-ans-jetais-completement-debile-copyright-pomme\/","title":{"rendered":"Moi \u00e0 25 ans, j\u2019\u00e9tais compl\u00e8tement d\u00e9bile ! (copyright pomme)"},"content":{"rendered":"<p><img decoding=\"async\" src=\"wp-content\/themes\/default\/images\/amies.png\" alt=\"amies\" align=\"left\" hspace=\"5px\"\/>Je suis \u00e9pat\u00e9e par mes copines de 20-25 ans (oui j\u2019en ai plein, je les prends au berceau). <br \/>Elles sont vachement m\u00fbres, pleines de sagesse, capables de me conseiller pour ma vie de fille de 10 ans de plus, attentives, r\u00e9fl\u00e9chies\u2026<br \/>\n<br \/>Il a d\u00fb se passer un truc avec les astres dans les ann\u00e9es 80, c\u2019est pas possible. Ou alors elles ont pas \u00e9t\u00e9 nourries comme la cuv\u00e9e 70 ? Ou encore c\u2019est les retomb\u00e9es de Tchernobyl (yep j\u2019adore l\u2019humour noir) ?<br \/>\n<br \/>En tout cas elles sont pas du tout comme le souvenir que j\u2019ai de moi (ou de mes copines) \u00e0 cet \u00e2ge : moi \u00e0 25 ans, j\u2019\u00e9tais compl\u00e8tement d\u00e9bile. Absolument pas adulte, assez paum\u00e9e, ne sachant pas o\u00f9 j\u2019allais (je vous vois venir, \u00e7a peut \u00eatre un probl\u00e8me personnel r\u00e9current ;-)), \u00e9videmment tr\u00e8s mal dans ma peau, un bel exemple de la phrase de Nizan, etc\u2026<br \/>\n<br \/>Mon \u00e9panouissement je l\u2019ai gagn\u00e9 \u00e0 coup d\u2019ann\u00e9es qui passent, ce qui me fait toujours dire que vieillir c\u2019est g\u00e9nial, en m\u00eame temps j\u2019ai pas non plus 80 ans et de l\u2019arthrose aux genoux, c\u2019est facile pour moi de trouver \u00e7a cool.<br \/>\n<br \/>Chez mes copines on dirait que \u00e7a a tourn\u00e9 en acc\u00e9l\u00e9r\u00e9, qu\u2019elles ne sont pas pass\u00e9es par la case gnan-gnan, ou qu\u2019elles ont pas \u00e9t\u00e9 fabriqu\u00e9es pareil.<br \/>\n<br \/>Vous croyez que c\u2019est g\u00e9n\u00e9rationnel ? Qu\u2019\u00eatre n\u00e9e en pleine crise \u00e9conomique, entre la guerre du Golfe et le ch\u00f4mage, \u00e7a met du plomb dans la t\u00eate ?<br \/>\n<br \/>Ou simplement que je choisis hyper bien mes amies ? (ce qui serait une heureuse surprise, comme le dit merveilleusement Nicole de Buron, je n\u2019ai pas plus d\u2019intuition qu\u2019une pomme de terre).<\/p>\n","protected":false},"excerpt":{"rendered":"<p>Je suis \u00e9pat\u00e9e par mes copines de 20-25 ans (oui j\u2019en ai plein, je les prends au berceau). Elles sont vachement m\u00fbres, pleines de sagesse, capables de me conseiller pour ma vie de fille de&#8230;<br \/> <a class=\"read-more\" href=\"https:\/\/www.monblogdefille.com\/blog\/moi-a-25-ans-jetais-completement-debile-copyright-pomme\/\">Lire la suite \u00bb<\/a><\/p>\n","protected":false},"author":3,"featured_media":0,"comment_status":"open","ping_status":"open","sticky":false,"template":"","format":"standard","meta":{"footnotes":""},"categories":[1475],"tags":[],"class_list":["post-13354","post","type-post","status-publish","format-standard","hentry","category-divers"],"_links":{"self":[{"href":"https:\/\/www.monblogdefille.com\/blog\/wp-json\/wp\/v2\/posts\/13354","targetHints":{"allow":["GET"]}}],"collection":[{"href":"https:\/\/www.monblogdefille.com\/blog\/wp-json\/wp\/v2\/posts"}],"about":[{"href":"https:\/\/www.monblogdefille.com\/blog\/wp-json\/wp\/v2\/types\/post"}],"author":[{"embeddable":true,"href":"https:\/\/www.monblogdefille.com\/blog\/wp-json\/wp\/v2\/users\/3"}],"replies":[{"embeddable":true,"href":"https:\/\/www.monblogdefille.com\/blog\/wp-json\/wp\/v2\/comments?post=13354"}],"version-history":[{"count":0,"href":"https:\/\/www.monblogdefille.com\/blog\/wp-json\/wp\/v2\/posts\/13354\/revisions"}],"wp:attachment":[{"href":"https:\/\/www.monblogdefille.com\/blog\/wp-json\/wp\/v2\/media?parent=13354"}],"wp:term":[{"taxonomy":"category","embeddable":true,"href":"https:\/\/www.monblogdefille.com\/blog\/wp-json\/wp\/v2\/categories?post=13354"},{"taxonomy":"post_tag","embeddable":true,"href":"https:\/\/www.monblogdefille.com\/blog\/wp-json\/wp\/v2\/tags?post=13354"}],"curies":[{"name":"wp","href":"https:\/\/api.w.org\/{rel}","templated":true}]}}