{"id":13343,"date":"2006-10-08T12:55:11","date_gmt":"2006-10-08T12:55:11","guid":{"rendered":"http:\/\/localhost\/wordpress\/?p=13343"},"modified":"2008-10-03T18:56:05","modified_gmt":"2008-10-03T16:56:05","slug":"marisa-pleine-de-grace","status":"publish","type":"post","link":"https:\/\/www.monblogdefille.com\/blog\/marisa-pleine-de-grace\/","title":{"rendered":"Marisa pleine de gr\u00e2ce"},"content":{"rendered":"<p><img decoding=\"async\" src=\"wp-content\/themes\/default\/images\/marisa.jpg\" alt=\"marisa\" align=\"right\" hspace=\"5\" \/>Et d\u2019\u00e9l\u00e9gance. Et de talent musical.<\/p>\n<p>Hier soir je suis all\u00e9e au concert de Marisa Monte, invit\u00e9e par Natura, LA grande marque br\u00e9silienne de produits cosm\u00e9tiques.<\/p>\n<p>J\u2019y serais jamais all\u00e9e sans \u00e7a, les concerts c\u2019est pas du tout mon truc, d\u00e8s qu\u2019il y a plus de deux personnes rassembl\u00e9es j\u2019ai envie de rentrer chez moi. Et je ne connaissais m\u00eame pas cette chanteuse (je devais \u00eatre la seule, vue l\u2019ambiance dans la salle).<\/p>\n<p>Le concert commence avec \u00ab seulement \u00bb 20 minutes de retard (je n\u2019ai aucune tol\u00e9rance au retard), aucun spot ne s\u2019allume. La voix de Marisa s\u2019\u00e9l\u00e8ve dans le noir, basse, presque m\u00e9tallique, un peu voil\u00e9e, extr\u00eamement puissante sans effort, et soyeuse \u00e0 la fois.<\/p>\n<p>La d\u00e9ception de ne pas la voir tout de suite laisse la place au plaisir de ne se concentrer que sur la musique, sans \u00eatre distraite par la vue.<\/p>\n<p>Et puis le poursuite s\u2019allume bri\u00e8vement et son visage appara\u00eet, tr\u00e8s p\u00e2le, encadr\u00e9 de cheveux noirs bouclant jusqu\u2019au milieu du dos.<\/p>\n<p>Elle est assise, une petite guitare dans les mains, un haut sans manches, une jupe de gitane, des bottes \u00e0 talons costauds qui n\u2019en sont pas \u00e0 leur premier concert, tout \u00e7a noir avec quelques paillettes qui accrochent.<\/p>\n<p>Autour d\u2019elle neuf musiciens, sur un plateau sobre qui rappelle les bars jazzy des ann\u00e9es 30.<\/p>\n<p>Et le rythme des bossas, des sambas, ces rythmes br\u00e9siliens qui donne envie de danser (ou de pleurer), et des quelques morceaux plus rock.<\/p>\n<p>Et quand elle se l\u00e8ve, la longue silhouette fine.<\/p>\n<p>Et les bras qui ondulent, et le mouvement des mains, gracieuses et l\u00e9g\u00e8res comme l\u2019aile d\u2019un papillon.<\/p>\n<p>Et le doux balancement du corps.<\/p>\n<p>Et la hanche qui marque le rythme, toujours discr\u00e8tement, avec \u00e9l\u00e9gance.<\/p>\n<p>Et le sourire, immense et chaleureux, quand elle pr\u00e9sente ses musiciens.<\/p>\n<p>Et la voix. La voix un peu essouffl\u00e9e quand elle pr\u00e9sente en fran\u00e7ais ses chansons, avec cet accent br\u00e9silien si doux, la voix virtuose quand elle chante cette langue si suave, la voix-instrument de musique qui fait \u00e9cho au violoncelle que j\u2019aime tant.<\/p>\n<p>Ses musiciens sont de grand pros, je n\u2019ai pas aim\u00e9 toute les chansons et 1h30 et vraiment le maximum que je puisse tenir assise sans bouger, mais j\u2019ai \u00e9t\u00e9 sous le charme de Marisa et de son talent de musicienne.<\/p>\n<p>La salle \u00e9tait heureuse, la moiti\u00e9 de la communaut\u00e9 br\u00e9silienne de Paris devait \u00eatre l\u00e0, et Marisa donnait \u00e0 son public, avec gr\u00e2ce et bonheur.<\/p>\n<p>Merci Natura pour cette d\u00e9couverte.<\/p>\n<p>D\u00e9dicace sp\u00e9ciale pour Aude, Delphine, G\u00e9raldine, Julie, Laure, Marion : l\u2019Homme a beaucoup aim\u00e9 et a tenu \u00e0 rester jusqu\u2019au bout. Il a juste rican\u00e9 \u00e0 un moment : \u00ab ma parole l\u2019\u00e9clairagiste s\u2019est bourr\u00e9 la gueule avant le concert ! \u00bb, ce qui m\u2019a sembl\u00e9 exag\u00e9r\u00e9 ;-)<\/p>\n","protected":false},"excerpt":{"rendered":"<p>Et d\u2019\u00e9l\u00e9gance. Et de talent musical. Hier soir je suis all\u00e9e au concert de Marisa Monte, invit\u00e9e par Natura, LA grande marque br\u00e9silienne de produits cosm\u00e9tiques. J\u2019y serais jamais all\u00e9e sans \u00e7a, les concerts c\u2019est&#8230;<br \/> <a class=\"read-more\" href=\"https:\/\/www.monblogdefille.com\/blog\/marisa-pleine-de-grace\/\">Lire la suite \u00bb<\/a><\/p>\n","protected":false},"author":3,"featured_media":0,"comment_status":"open","ping_status":"open","sticky":false,"template":"","format":"standard","meta":{"footnotes":""},"categories":[1488],"tags":[],"class_list":["post-13343","post","type-post","status-publish","format-standard","hentry","category-femmes-du-monde"],"_links":{"self":[{"href":"https:\/\/www.monblogdefille.com\/blog\/wp-json\/wp\/v2\/posts\/13343","targetHints":{"allow":["GET"]}}],"collection":[{"href":"https:\/\/www.monblogdefille.com\/blog\/wp-json\/wp\/v2\/posts"}],"about":[{"href":"https:\/\/www.monblogdefille.com\/blog\/wp-json\/wp\/v2\/types\/post"}],"author":[{"embeddable":true,"href":"https:\/\/www.monblogdefille.com\/blog\/wp-json\/wp\/v2\/users\/3"}],"replies":[{"embeddable":true,"href":"https:\/\/www.monblogdefille.com\/blog\/wp-json\/wp\/v2\/comments?post=13343"}],"version-history":[{"count":0,"href":"https:\/\/www.monblogdefille.com\/blog\/wp-json\/wp\/v2\/posts\/13343\/revisions"}],"wp:attachment":[{"href":"https:\/\/www.monblogdefille.com\/blog\/wp-json\/wp\/v2\/media?parent=13343"}],"wp:term":[{"taxonomy":"category","embeddable":true,"href":"https:\/\/www.monblogdefille.com\/blog\/wp-json\/wp\/v2\/categories?post=13343"},{"taxonomy":"post_tag","embeddable":true,"href":"https:\/\/www.monblogdefille.com\/blog\/wp-json\/wp\/v2\/tags?post=13343"}],"curies":[{"name":"wp","href":"https:\/\/api.w.org\/{rel}","templated":true}]}}