{"id":133328,"date":"2010-11-17T07:17:07","date_gmt":"2010-11-17T06:17:07","guid":{"rendered":"http:\/\/www.monblogdefille.com\/blog\/?p=133328"},"modified":"2010-11-20T10:31:15","modified_gmt":"2010-11-20T09:31:15","slug":"le-jour-ou-jai-su-par-pititemouah","status":"publish","type":"post","link":"https:\/\/www.monblogdefille.com\/blog\/le-jour-ou-jai-su-par-pititemouah\/","title":{"rendered":"Le jour o\u00f9 j&rsquo;ai su&#8230;, par Pititemouah"},"content":{"rendered":"<p><img loading=\"lazy\" decoding=\"async\" class=\"alignnone size-full wp-image-128239\" title=\"o-toi-lectrice\" src=\"http:\/\/www.monblogdefille.com\/blog\/wp-content\/uploads\/2009\/07\/o-toi-lectrice.jpg\" alt=\"o-toi-lectrice\" width=\"500\" height=\"375\" \/><\/p>\n<p>\u00ab\u00a0&#8230; que j&rsquo;allais devenir m\u00e9decin.<\/p>\n<p>A vrai dire, il y en a eu plusieurs.<\/p>\n<p>Il y a d&rsquo;abord eu le jour o\u00f9 j&rsquo;ai voulu devenir m\u00e9decin. Ca m&rsquo;avait toujours trott\u00e9 dans la t\u00eate, mais je me destinais \u00e0 une autre voie. Et puis un jour, paf ! la r\u00e9v\u00e9lation, j&rsquo;ai su que j&rsquo;en serai capable, et que c&rsquo;\u00e9tait \u00e7a que je voulais faire. J&rsquo;ai accouch\u00e9 de ma vocation, apr\u00e8s des mois d&rsquo;incertitude. Et comme tout accouchement, ce fut douloureux, accompagn\u00e9 de larmes. Et puis un grand soulagement une fois la d\u00e9cision prise.<br \/>\nMoi qui croyais ne pas pouvoir supporter la mort, celle d&rsquo;un \u00eatre cher m&rsquo;avait montr\u00e9 que je pouvais surmonter des obstacles inenvisageables jusqu&rsquo;alors.<br \/>\nEt puis Il y a eu Lulu, une petite fille de 4 ans.\u00a0Une \u00e9l\u00e8ve de ma grand m\u00e8re, qui avait arr\u00eat\u00e9 l&rsquo;\u00e9cole parce qu&rsquo;elle a eu une leuc\u00e9mie. Ma grand m\u00e8re a continu\u00e9 \u00e0 la voir, l&rsquo;a fait rire, l&rsquo;a choy\u00e9e, s&rsquo;en ai occup\u00e9e jusqu&rsquo;au bout. Et quand cette petite fille, que je n&rsquo;ai jamais vue, s&rsquo;en est all\u00e9e, je me suis dit que c&rsquo;\u00e9tait ce que je voulais faire: m&rsquo;occuper des gens, les soulager, les soigner, et m\u00eame parfois les gu\u00e9rir.<\/p>\n<p>Il y a ensuite eu le jour o\u00f9 j&rsquo;ai su que ce serait possible. J&rsquo;entends par l\u00e0 le jour o\u00f9 j&rsquo;ai eu mon concours de fin de premi\u00e8re ann\u00e9e. Apr\u00e8s deux ans de travail, une grosse d\u00e9ception, des centaines de pages noircies, des heures de rab\u00e2chage, des mois d&rsquo;incertitudes, des litres de larmes, les deux pires semaines de ma vie avant les r\u00e9sultats, j&rsquo;\u00e9tais arriv\u00e9e \u00e0 l&rsquo;un des jours les plus importants de ma vie. J&rsquo;ai r\u00e9ussi \u00e0 avancer jusqu&rsquo;au panneau d&rsquo;affichage, essayant de formuler de t\u00eate la lettre de supplication que j&rsquo;allais faire au doyen pour avoir le droit de faire une troisi\u00e8me ann\u00e9e. Et j&rsquo;ai vu mon nom dans la liste.<br \/>\nLe seul fait de me rem\u00e9morer ce moment fait battre mon coeur et me submerge encore de bonheur (enfin sur le moment, \u00e7a ne devait pas \u00eatre flagrant puisque mon p\u00e8re, quand je l&rsquo;ai rejoint sur le parking du CHU, a cru que c&rsquo;\u00e9tait foutu&#8230;) Toujours est il que ce jour l\u00e0, j&rsquo;ai eu le feu vert pour devenir m\u00e9decin.<\/p>\n<p>Et pour finir, plus r\u00e9cemment, il y a eu le jour o\u00f9 j&rsquo;ai r\u00e9alis\u00e9 que oui, dans quelques ann\u00e9es, je vais \u00eatre m\u00e9decin. Pour de vrai. Et ce jour l\u00e0, c&rsquo;est un peu tous les jours en ce moment. J&rsquo;oublie parfois que mes \u00e9tudes, ces heures pass\u00e9es \u00e0 mon bureau \u00e0 m&rsquo;user les yeux sur mes livres, fr\u00f4lant l&rsquo;entorse c\u00e9r\u00e9brale, ont une autre finalit\u00e9 que les partiels et la note qui va avec. Et puis je retourne en stage ou en garde, je vois des gens,\u00a0je leur\u00a0parle, je les examine, je prends part aux soins, et je me rends compte que je vais avoir l&rsquo;honneur de faire \u00e7a toute ma vie. Que je vais r\u00e9aliser au moins un de mes r\u00eaves. Je vais \u00eatre m\u00e9decin.<\/p>\n<p>Allez, maintenant au travail, plus qu&rsquo;un mois avant les partiels&#8230;.:-)<\/p>\n<p>Pititemouah, apprentie docteur.\u00a0\u00bb<\/p>\n","protected":false},"excerpt":{"rendered":"<p>\u00ab\u00a0&#8230; que j&rsquo;allais devenir m\u00e9decin. A vrai dire, il y en a eu plusieurs. Il y a d&rsquo;abord eu le jour o\u00f9 j&rsquo;ai voulu devenir m\u00e9decin. Ca m&rsquo;avait toujours trott\u00e9 dans la t\u00eate, mais je&#8230;<br \/> <a class=\"read-more\" href=\"https:\/\/www.monblogdefille.com\/blog\/le-jour-ou-jai-su-par-pititemouah\/\">Lire la suite \u00bb<\/a><\/p>\n","protected":false},"author":3,"featured_media":128239,"comment_status":"open","ping_status":"open","sticky":false,"template":"","format":"standard","meta":{"footnotes":""},"categories":[5377],"tags":[],"class_list":["post-133328","post","type-post","status-publish","format-standard","has-post-thumbnail","hentry","category-o-toi-lectrice"],"_links":{"self":[{"href":"https:\/\/www.monblogdefille.com\/blog\/wp-json\/wp\/v2\/posts\/133328","targetHints":{"allow":["GET"]}}],"collection":[{"href":"https:\/\/www.monblogdefille.com\/blog\/wp-json\/wp\/v2\/posts"}],"about":[{"href":"https:\/\/www.monblogdefille.com\/blog\/wp-json\/wp\/v2\/types\/post"}],"author":[{"embeddable":true,"href":"https:\/\/www.monblogdefille.com\/blog\/wp-json\/wp\/v2\/users\/3"}],"replies":[{"embeddable":true,"href":"https:\/\/www.monblogdefille.com\/blog\/wp-json\/wp\/v2\/comments?post=133328"}],"version-history":[{"count":0,"href":"https:\/\/www.monblogdefille.com\/blog\/wp-json\/wp\/v2\/posts\/133328\/revisions"}],"wp:featuredmedia":[{"embeddable":true,"href":"https:\/\/www.monblogdefille.com\/blog\/wp-json\/wp\/v2\/media\/128239"}],"wp:attachment":[{"href":"https:\/\/www.monblogdefille.com\/blog\/wp-json\/wp\/v2\/media?parent=133328"}],"wp:term":[{"taxonomy":"category","embeddable":true,"href":"https:\/\/www.monblogdefille.com\/blog\/wp-json\/wp\/v2\/categories?post=133328"},{"taxonomy":"post_tag","embeddable":true,"href":"https:\/\/www.monblogdefille.com\/blog\/wp-json\/wp\/v2\/tags?post=133328"}],"curies":[{"name":"wp","href":"https:\/\/api.w.org\/{rel}","templated":true}]}}