{"id":133230,"date":"2010-11-09T06:00:22","date_gmt":"2010-11-09T05:00:22","guid":{"rendered":"http:\/\/www.monblogdefille.com\/blog\/?p=133230"},"modified":"2014-01-05T11:21:14","modified_gmt":"2014-01-05T10:21:14","slug":"forum-avene-aujourdhui","status":"publish","type":"post","link":"https:\/\/www.monblogdefille.com\/blog\/forum-avene-aujourdhui\/","title":{"rendered":"Forum Av\u00e8ne aujourd&rsquo;hui !"},"content":{"rendered":"<p><img loading=\"lazy\" decoding=\"async\" title=\"brumi av\u00e8ne\" src=\"http:\/\/www.monblogdefille.com\/blog\/wp-content\/uploads\/2008\/10\/brumi-av\u00e8ne.jpg\" alt=\"\" width=\"500\" height=\"375\" \/><\/p>\n<p>Girls, c&rsquo;est aujourd&rsquo;hui le forum Av\u00e8ne.<\/p>\n<p>De 9h00 (mais vous pouvez poster avant) \u00e0 17h30, Jo\u00eblle Nonni r\u00e9pondra dans les commentaires \u00e0 vos questions, qu&rsquo;elles portent sur vos probl\u00e8mes de peau ou ceux de vos b\u00e9b\u00e9s ou enfants (et vos mecs, les pauvres sont pas \u00e0 l&rsquo;abri non plus), mais aussi sur les soins et les produits Av\u00e8ne en g\u00e9n\u00e9ral (maquillage compris).<\/p>\n<p>Pour celles qui auraient loup\u00e9 l&rsquo;annonce, <a href=\"http:\/\/www.monblogdefille.com\/blog\/forum-avene-le-mardi-9-novembre\" target=\"_blank\">faites donc un saut ici<\/a> pour en savoir un peu plus sur Jo\u00eblle.<\/p>\n<p>Ne d\u00e9passez pas l&rsquo;heure parce qu&rsquo;elle doit filer \u00e0 l&rsquo;a\u00e9roport \u00e0 17h30 p\u00e9tantes, donc elle ne pourra vraiment pas vous r\u00e9pondre apr\u00e8s.<\/p>\n<p>Bon forum les girls, et Jo\u00eblle, merci encore pour ton temps et tes conseils !!<\/p>\n","protected":false},"excerpt":{"rendered":"<p>Girls, c&rsquo;est aujourd&rsquo;hui le forum Av\u00e8ne. De 9h00 (mais vous pouvez poster avant) \u00e0 17h30, Jo\u00eblle Nonni r\u00e9pondra dans les commentaires \u00e0 vos questions, qu&rsquo;elles portent sur vos probl\u00e8mes de peau ou ceux de vos&#8230;<br \/> <a class=\"read-more\" href=\"https:\/\/www.monblogdefille.com\/blog\/forum-avene-aujourdhui\/\">Lire la suite \u00bb<\/a><\/p>\n","protected":false},"author":3,"featured_media":139143,"comment_status":"closed","ping_status":"closed","sticky":false,"template":"","format":"standard","meta":{"footnotes":""},"categories":[1489],"tags":[19995],"class_list":["post-133230","post","type-post","status-publish","format-standard","has-post-thumbnail","hentry","category-le-soin","tag-avene"],"_links":{"self":[{"href":"https:\/\/www.monblogdefille.com\/blog\/wp-json\/wp\/v2\/posts\/133230","targetHints":{"allow":["GET"]}}],"collection":[{"href":"https:\/\/www.monblogdefille.com\/blog\/wp-json\/wp\/v2\/posts"}],"about":[{"href":"https:\/\/www.monblogdefille.com\/blog\/wp-json\/wp\/v2\/types\/post"}],"author":[{"embeddable":true,"href":"https:\/\/www.monblogdefille.com\/blog\/wp-json\/wp\/v2\/users\/3"}],"replies":[{"embeddable":true,"href":"https:\/\/www.monblogdefille.com\/blog\/wp-json\/wp\/v2\/comments?post=133230"}],"version-history":[{"count":0,"href":"https:\/\/www.monblogdefille.com\/blog\/wp-json\/wp\/v2\/posts\/133230\/revisions"}],"wp:featuredmedia":[{"embeddable":true,"href":"https:\/\/www.monblogdefille.com\/blog\/wp-json\/wp\/v2\/media\/139143"}],"wp:attachment":[{"href":"https:\/\/www.monblogdefille.com\/blog\/wp-json\/wp\/v2\/media?parent=133230"}],"wp:term":[{"taxonomy":"category","embeddable":true,"href":"https:\/\/www.monblogdefille.com\/blog\/wp-json\/wp\/v2\/categories?post=133230"},{"taxonomy":"post_tag","embeddable":true,"href":"https:\/\/www.monblogdefille.com\/blog\/wp-json\/wp\/v2\/tags?post=133230"}],"curies":[{"name":"wp","href":"https:\/\/api.w.org\/{rel}","templated":true}]}}