{"id":132923,"date":"2010-10-12T12:58:24","date_gmt":"2010-10-12T10:58:24","guid":{"rendered":"http:\/\/www.monblogdefille.com\/blog\/?p=132923"},"modified":"2014-01-31T20:32:14","modified_gmt":"2014-01-31T19:32:14","slug":"petit-dejeuner-chez-lambassadeur-et-expo-merveilleuse","status":"publish","type":"post","link":"https:\/\/www.monblogdefille.com\/blog\/petit-dejeuner-chez-lambassadeur-et-expo-merveilleuse\/","title":{"rendered":"Petit d\u00e9jeuner chez l&rsquo;ambassadeur et expo merveilleuse&#8230;"},"content":{"rendered":"<p><em><img loading=\"lazy\" decoding=\"async\" class=\"alignnone size-full wp-image-132924\" title=\"singapour\" alt=\"\" src=\"http:\/\/www.monblogdefille.com\/blog\/wp-content\/uploads\/2010\/10\/singapour.jpg\" width=\"500\" height=\"375\" \/><\/em><\/p>\n<p>A l&rsquo;occasion de <a onclick=\"javascript:var img=new Image();img.src=&#039;http:\/\/network.aufeminin.com\/call\/clicpixel\/3635935\/[timestamp]?&#039;;return true;\" href=\"http:\/\/www.aufeminin.com\/clients\/singapour\/default.asp\" rel=\"me nofollow noopener\" target=\"_blank\">l&rsquo;exposition Peranakan<\/a> qui a commenc\u00e9 le 4 octobre au Mus\u00e9e du Quai Branly (et qui dure jusqu&rsquo;au 6 f\u00e9vrier 2011), j&rsquo;ai \u00e9t\u00e9 invit\u00e9e (pas toute seule, du calme) \u00e0 petit d\u00e9jeuner avec l&rsquo;ambassadeur de Singapour \u00e0 Paris.<\/p>\n<p>Tr\u00e8s impressionn\u00e9e, \u00e7a faisais trois jours que je me demandais comment j&rsquo;allais bien pouvoir m&rsquo;habiller (r\u00e9ponse : une robe noire) et si je devrais appeler l&rsquo;ambassadeur \u00ab\u00a0your Excellence\u00a0\u00bb.<\/p>\n<p>Rat\u00e9 sur toute la ligne (\u00e0 part la robe, gr\u00e2ce au ciel) : 1. il parle parfaitement fran\u00e7ais, et 2. il est tellement discret que je n&rsquo;ai pas r\u00e9alis\u00e9, en lui serrant la main, que c&rsquo;\u00e9tait lui et me suis content\u00e9e d&rsquo;un simple \u00ab\u00a0bonjour\u00a0\u00bb dont j&rsquo;ai encore honte (pas un haussement de sourcils de sa part, l&rsquo;\u00e9ducation parfaite et l&rsquo;\u00e9l\u00e9gance des diplomates).<\/p>\n<p>R\u00e9sultat : un moment super int\u00e9ressant \u00e0 l&rsquo;\u00e9couter parler du d\u00e9veloppement de la culture et des mus\u00e9es de Singapour (quand j&rsquo;y suis all\u00e9e il y a 21 ans &#8211; soupir de vieillerie -, il y avait nettement plus de shopping centers que de mus\u00e9es, manifestement \u00e7a a \u00e9norm\u00e9ment chang\u00e9), et l&rsquo;impatience de d\u00e9couvrir la fameuse expo.<\/p>\n<p>Verdict : elle est absolument magnifique ! Il y a entre autres des objets en bambou laqu\u00e9 et dor\u00e9 merveilleux, des batiks d&rsquo;une finesse et d&rsquo;une d\u00e9licatesse comme je n&rsquo;en ai jamais vus, de la porcelaine dingue, \u00e9videmment&#8230; et alors je ne vous parle m\u00eame pas des bijoux en diamants, c&rsquo;est pas compliqu\u00e9, je voulais \u00eatre Ars\u00e8ne Lupin. Il y a aussi des carreaux de c\u00e9ramique d&rsquo;une po\u00e9sie incroyable, et des tissus, des v\u00eatements&#8230; non mais tout est \u00e0 tomber par terre !<\/p>\n<p>Vraiment courez-y, c&rsquo;est somptueux !<\/p>\n<p>Et alors cette expo se passe dans le cadre de <a href=\"http:\/\/www.singapour-festivarts.fr\" target=\"_blank\" rel=\"me nofollow noopener\">Festivarts<\/a>, qui regroupe des tas de conf\u00e9rences, ateliers, d\u00e9gustations, concerts, what mille trucs ludiques et interactifs, dont vous trouverez ci-dessous les comptes FB et Twitto :<\/p>\n<p>Le compte <a href=\"http:\/\/www.facebook.com\/#%21\/pages\/Paris-France\/Singapour-Festivarts\/159665260716442?ref=ts\" target=\"_blank\" rel=\"me nofollow noopener\">Facebook<\/a><br \/>\nLe compte <a href=\"http:\/\/twitter.com\/festivarts_sgp\" target=\"_blank\" rel=\"me nofollow noopener\">Twitter <\/a><\/p>\n<p><em>Billet sponsoris\u00e9<\/em><\/p>\n<p><img loading=\"lazy\" decoding=\"async\" style=\"display: none;\" alt=\"\" src=\"http:\/\/network.aufeminin.com\/call\/pubimppixel\/3635935\/[timestamp]?\" width=\"1\" height=\"1\" border=\"0\" \/><\/p>\n","protected":false},"excerpt":{"rendered":"<p>A l&rsquo;occasion de l&rsquo;exposition Peranakan qui a commenc\u00e9 le 4 octobre au Mus\u00e9e du Quai Branly (et qui dure jusqu&rsquo;au 6 f\u00e9vrier 2011), j&rsquo;ai \u00e9t\u00e9 invit\u00e9e (pas toute seule, du calme) \u00e0 petit d\u00e9jeuner avec&#8230;<br \/> <a class=\"read-more\" href=\"https:\/\/www.monblogdefille.com\/blog\/petit-dejeuner-chez-lambassadeur-et-expo-merveilleuse\/\">Lire la suite \u00bb<\/a><\/p>\n","protected":false},"author":3,"featured_media":132924,"comment_status":"open","ping_status":"open","sticky":false,"template":"","format":"standard","meta":{"footnotes":""},"categories":[19926],"tags":[],"class_list":["post-132923","post","type-post","status-publish","format-standard","has-post-thumbnail","hentry","category-culture-et-sorties"],"_links":{"self":[{"href":"https:\/\/www.monblogdefille.com\/blog\/wp-json\/wp\/v2\/posts\/132923","targetHints":{"allow":["GET"]}}],"collection":[{"href":"https:\/\/www.monblogdefille.com\/blog\/wp-json\/wp\/v2\/posts"}],"about":[{"href":"https:\/\/www.monblogdefille.com\/blog\/wp-json\/wp\/v2\/types\/post"}],"author":[{"embeddable":true,"href":"https:\/\/www.monblogdefille.com\/blog\/wp-json\/wp\/v2\/users\/3"}],"replies":[{"embeddable":true,"href":"https:\/\/www.monblogdefille.com\/blog\/wp-json\/wp\/v2\/comments?post=132923"}],"version-history":[{"count":0,"href":"https:\/\/www.monblogdefille.com\/blog\/wp-json\/wp\/v2\/posts\/132923\/revisions"}],"wp:featuredmedia":[{"embeddable":true,"href":"https:\/\/www.monblogdefille.com\/blog\/wp-json\/wp\/v2\/media\/132924"}],"wp:attachment":[{"href":"https:\/\/www.monblogdefille.com\/blog\/wp-json\/wp\/v2\/media?parent=132923"}],"wp:term":[{"taxonomy":"category","embeddable":true,"href":"https:\/\/www.monblogdefille.com\/blog\/wp-json\/wp\/v2\/categories?post=132923"},{"taxonomy":"post_tag","embeddable":true,"href":"https:\/\/www.monblogdefille.com\/blog\/wp-json\/wp\/v2\/tags?post=132923"}],"curies":[{"name":"wp","href":"https:\/\/api.w.org\/{rel}","templated":true}]}}