{"id":132848,"date":"2010-10-08T08:08:50","date_gmt":"2010-10-08T06:08:50","guid":{"rendered":"http:\/\/www.monblogdefille.com\/blog\/?p=132848"},"modified":"2010-10-11T09:45:17","modified_gmt":"2010-10-11T07:45:17","slug":"the-return-of-the-paillette","status":"publish","type":"post","link":"https:\/\/www.monblogdefille.com\/blog\/the-return-of-the-paillette\/","title":{"rendered":"The return of the paillette"},"content":{"rendered":"<p><img loading=\"lazy\" decoding=\"async\" class=\"alignnone size-full wp-image-132849\" title=\"paillettes\" src=\"http:\/\/www.monblogdefille.com\/blog\/wp-content\/uploads\/2010\/10\/paillettes.jpg\" alt=\"\" width=\"500\" height=\"359\" \/><\/p>\n<p>Alors je sais pas si y&rsquo;a un truc avec la saison ou quoi, mais tout l&rsquo;\u00e9t\u00e9 j&rsquo;ai eu envie que de finis cr\u00e8me (corail, comment vous avez devin\u00e9 ?), et l\u00e0, paf d&rsquo;un coup je me prends le retour de la paillette en pleine gueule.<\/p>\n<p>Quoi vous comprenez rien ?? Mais je vous parle de vernis \u00e0 ongles, les girls, une des plus belles choses de la cr\u00e9ation !!! Wake up, on parle de choses importantes l\u00e0 !!<\/p>\n<p>Donc voil\u00e0, changement de saison et crac j&rsquo;ai envie de vernis paillet\u00e9s (\u00e7a tombe bien, j&rsquo;en ai un peu 788 que j&rsquo;ai m\u00eame pas encore essay\u00e9s &#8211; je d\u00e9conne, en vrai j&rsquo;en ai que 787).<\/p>\n<p>L\u00e0 tout de suite pendant je vous \u00e9cris j&rsquo;ai sur les ongles une merveille que je vous montrerai s\u00fbrement en vid\u00e9o, \u00e7a ressemble \u00e0 rien de ce que j&rsquo;ai vu jusqu&rsquo;ici (oui je sais, j&rsquo;ai pas vu tout ce que la Terre rec\u00e8le en mati\u00e8re de vernis, y para\u00eet que notamment que la marque isra\u00eblienne Chic fait des trucs d\u00e9ments mais auxquels on n&rsquo;a pas acc\u00e8s \u00e0 moins d&rsquo;aller l\u00e0-bas vu qu&rsquo;ils sont pas vendus sur le ou\u00e8be).<\/p>\n<p>Moi je dis, le vernis, c&rsquo;est la oije.<\/p>\n","protected":false},"excerpt":{"rendered":"<p>Alors je sais pas si y&rsquo;a un truc avec la saison ou quoi, mais tout l&rsquo;\u00e9t\u00e9 j&rsquo;ai eu envie que de finis cr\u00e8me (corail, comment vous avez devin\u00e9 ?), et l\u00e0, paf d&rsquo;un coup je&#8230;<br \/> <a class=\"read-more\" href=\"https:\/\/www.monblogdefille.com\/blog\/the-return-of-the-paillette\/\">Lire la suite \u00bb<\/a><\/p>\n","protected":false},"author":3,"featured_media":132849,"comment_status":"open","ping_status":"open","sticky":false,"template":"","format":"standard","meta":{"footnotes":""},"categories":[14534],"tags":[20045,20044],"class_list":["post-132848","post","type-post","status-publish","format-standard","has-post-thumbnail","hentry","category-les-ongles","tag-manucure","tag-ongles"],"_links":{"self":[{"href":"https:\/\/www.monblogdefille.com\/blog\/wp-json\/wp\/v2\/posts\/132848","targetHints":{"allow":["GET"]}}],"collection":[{"href":"https:\/\/www.monblogdefille.com\/blog\/wp-json\/wp\/v2\/posts"}],"about":[{"href":"https:\/\/www.monblogdefille.com\/blog\/wp-json\/wp\/v2\/types\/post"}],"author":[{"embeddable":true,"href":"https:\/\/www.monblogdefille.com\/blog\/wp-json\/wp\/v2\/users\/3"}],"replies":[{"embeddable":true,"href":"https:\/\/www.monblogdefille.com\/blog\/wp-json\/wp\/v2\/comments?post=132848"}],"version-history":[{"count":0,"href":"https:\/\/www.monblogdefille.com\/blog\/wp-json\/wp\/v2\/posts\/132848\/revisions"}],"wp:featuredmedia":[{"embeddable":true,"href":"https:\/\/www.monblogdefille.com\/blog\/wp-json\/wp\/v2\/media\/132849"}],"wp:attachment":[{"href":"https:\/\/www.monblogdefille.com\/blog\/wp-json\/wp\/v2\/media?parent=132848"}],"wp:term":[{"taxonomy":"category","embeddable":true,"href":"https:\/\/www.monblogdefille.com\/blog\/wp-json\/wp\/v2\/categories?post=132848"},{"taxonomy":"post_tag","embeddable":true,"href":"https:\/\/www.monblogdefille.com\/blog\/wp-json\/wp\/v2\/tags?post=132848"}],"curies":[{"name":"wp","href":"https:\/\/api.w.org\/{rel}","templated":true}]}}