{"id":13263,"date":"2006-07-14T12:21:08","date_gmt":"2006-07-14T10:21:08","guid":{"rendered":"http:\/\/localhost\/wordpress\/?p=13263"},"modified":"2012-03-02T19:36:46","modified_gmt":"2012-03-02T18:36:46","slug":"lance-a-incendie-dermatologique","status":"publish","type":"post","link":"https:\/\/www.monblogdefille.com\/blog\/lance-a-incendie-dermatologique\/","title":{"rendered":"Lance \u00e0 incendie dermatologique"},"content":{"rendered":"<p><img decoding=\"async\" src=\"wp-content\/themes\/default\/images\/brumi.jpg\" alt=\"brumi\" align=\"right\" hspace=\"5px\"\/>La vie girlie r\u00e9serve parfois des surprises qui vous sautent \u00e0 la figure, je voudrais pas dire.<br \/>\n<br \/>An\u00e9antie par la chaleur parisienne (au-dessus de 22 degr\u00e9s je souffre comme une b\u00eate), je me suis achet\u00e9 une caisse enti\u00e8re de brumisateurs (ou brumatiseurs ?? si quelqu\u2019un a fait une th\u00e8se l\u00e0-dessus il est pri\u00e9 de se pr\u00e9senter \u00e0 la r\u00e9ception, thank you).<br \/>\n<br \/>Un peu chers, sinon c\u2019est pas dr\u00f4le.<br \/>\n<br \/>J\u2019ai commenc\u00e9 par celui d\u2019Uriage, parce que Biba jurait que c\u2019\u00e9tait le plus adapt\u00e9 aux peaux s\u00e8ches. Des clous oui, \u00e7a vous jette de l\u2019eau sal\u00e9e \u00e0 la gueule, on a l\u2019impression de transpirer encore plus, merci bien.<br \/>\n<br \/>Esme m\u2019ayant gliss\u00e9 qu\u2019elle avait celui d\u2019Av\u00e8ne, et vu mon go\u00fbt pour cette marque si douce, je m\u2019en suis achet\u00e9 un bidon (un seau quoi, pas un brumitruc factice).<br \/>\nEsme est hallucinante, d\u00e8s qu\u2019elle prononce le nom d\u2019un produit je cours l\u2019acheter. Je pense qu\u2019elle poss\u00e8de une sorte de pouvoir occulte, et que Publicis devrait l\u2019embaucher pour son d\u00e9partement cosm\u00e9to avant que d\u2019autres ne le fassent.<br \/>\n<br \/>Je rentre chez moi compl\u00e8tement en eau des pieds \u00e0 la t\u00eate et me jette sur le machin pour en brumatiser (brumisater ?? roh, \u00e7a m\u2019\u00e9nerve) ma figure \u00e9chauff\u00e9e.<br \/>\n<br \/>Et pof, je re\u00e7ois un v\u00e9ritable jet de lance \u00e0 incendie dans les yeux, et l\u00e2che quasiment la bombe d\u00e9goulinante dans mon clavier d\u2019ordinateur, crachant et jurant.<br \/>\n<br \/>Je ne sais pas qui a fabriqu\u00e9 ce mod\u00e8le (des italiens, probablement), ni si je suis tomb\u00e9e sur l\u2019unique bidon d\u00e9fectueux de la terre (je l\u2019esp\u00e8re pour les autres), mais je suis maintenant oblig\u00e9e de tenir le truc \u00e0 bout de bras comme une presbyte le Nouvel Obs, pour \u00e9viter d\u2019\u00eatre aveugl\u00e9e par la force de la brumachose.<br \/>\n<br \/>Cela dit je dois reconna\u00eetre que cette eau ne dess\u00e8che pas la peau m\u00eame si on l\u2019essuie pas (manquerait plus que \u00e7a, en m\u00eame temps, si Av\u00e8ne dess\u00e8che la peau c\u2019est la fin des haricots, d\u00e9j\u00e0 qu\u2019il y a l\u2019affaire Zidane, un drame \u00e0 la fois please, je n\u2019en supporterai pas plus).<\/p>\n<p>PS : 14 juillet = bal des pompiers = lance \u00e0 incendie = billet m\u00e9ga pertinent ;-)<\/p>\n<p>PS 2 : ben non c\u2019est pas int\u00e9ressant par rapport \u00e0 Zidane, je suis bien d\u2019accord, mais c\u2019est vous qui avez demand\u00e9 de revenir \u00e0 des sujets plus orthodoxes ;-)<\/p>\n","protected":false},"excerpt":{"rendered":"<p>La vie girlie r\u00e9serve parfois des surprises qui vous sautent \u00e0 la figure, je voudrais pas dire. An\u00e9antie par la chaleur parisienne (au-dessus de 22 degr\u00e9s je souffre comme une b\u00eate), je me suis achet\u00e9&#8230;<br \/> <a class=\"read-more\" href=\"https:\/\/www.monblogdefille.com\/blog\/lance-a-incendie-dermatologique\/\">Lire la suite \u00bb<\/a><\/p>\n","protected":false},"author":3,"featured_media":0,"comment_status":"open","ping_status":"open","sticky":false,"template":"","format":"standard","meta":{"footnotes":""},"categories":[1489],"tags":[19995],"class_list":["post-13263","post","type-post","status-publish","format-standard","hentry","category-le-soin","tag-avene"],"_links":{"self":[{"href":"https:\/\/www.monblogdefille.com\/blog\/wp-json\/wp\/v2\/posts\/13263","targetHints":{"allow":["GET"]}}],"collection":[{"href":"https:\/\/www.monblogdefille.com\/blog\/wp-json\/wp\/v2\/posts"}],"about":[{"href":"https:\/\/www.monblogdefille.com\/blog\/wp-json\/wp\/v2\/types\/post"}],"author":[{"embeddable":true,"href":"https:\/\/www.monblogdefille.com\/blog\/wp-json\/wp\/v2\/users\/3"}],"replies":[{"embeddable":true,"href":"https:\/\/www.monblogdefille.com\/blog\/wp-json\/wp\/v2\/comments?post=13263"}],"version-history":[{"count":0,"href":"https:\/\/www.monblogdefille.com\/blog\/wp-json\/wp\/v2\/posts\/13263\/revisions"}],"wp:attachment":[{"href":"https:\/\/www.monblogdefille.com\/blog\/wp-json\/wp\/v2\/media?parent=13263"}],"wp:term":[{"taxonomy":"category","embeddable":true,"href":"https:\/\/www.monblogdefille.com\/blog\/wp-json\/wp\/v2\/categories?post=13263"},{"taxonomy":"post_tag","embeddable":true,"href":"https:\/\/www.monblogdefille.com\/blog\/wp-json\/wp\/v2\/tags?post=13263"}],"curies":[{"name":"wp","href":"https:\/\/api.w.org\/{rel}","templated":true}]}}