{"id":13253,"date":"2006-07-03T11:32:38","date_gmt":"2006-07-03T09:32:38","guid":{"rendered":"http:\/\/localhost\/wordpress\/?p=13253"},"modified":"2012-03-02T19:37:28","modified_gmt":"2012-03-02T18:37:28","slug":"si-on-peut-meme-plus-se-fier-aux-apparences","status":"publish","type":"post","link":"https:\/\/www.monblogdefille.com\/blog\/si-on-peut-meme-plus-se-fier-aux-apparences\/","title":{"rendered":"Si on peut m\u00eame plus se fier aux apparences\u2026"},"content":{"rendered":"<p><img decoding=\"async\" src=\"wp-content\/themes\/default\/images\/sephora2.jpg\" alt=\"sephora\" align=\"left\" hspace=\"5\" \/>Je ne suis pas une grande fan de Sephora, c\u2019est pas nouveau. J\u2019y vais pourtant r\u00e9guli\u00e8rement parce que c\u2019est un peu moins cher que le Printemps, et encore un peu moins les jours de r\u00e9ducs carte de fid\u00e9lit\u00e9.<\/p>\n<p>L\u2019autre jour je me suis faite eue par le marketing de caisse : il y a plein de petits machins rigolos \u00e0 moins de 10 \u20ac pr\u00e8s des caisses, et hop on ach\u00e8te \u00e7a sans m\u00eame s\u2019en rendre compte. On d\u00e9pense 92 \u20ac au lieu de 17, si \u00e7a c\u2019est pas de l\u2019efficacit\u00e9 marketeuse moi je suis serbo-croate.<\/p>\n<p>Depuis un certain temps ils font des produits de leur marque \u00e0 eux, qu\u2019ils ont en toute simplicit\u00e9 appel\u00e9e Sephora Professionnel, pof. C\u2019est pas l\u2019image que j\u2019en avais spontan\u00e9ment, mais je peux me tromper car je suis pleine de pr\u00e9jug\u00e9s. Quand c\u2019est pas cher il y a toujours une raison, me suis-je dit au d\u00e9but en toisant tout \u00e7a de haut.<\/p>\n<p>Mais ma curiosit\u00e9 insatiable pour les nouveaut\u00e9s cosm\u00e9tiques l\u2019a emport\u00e9 sur ma condescendance, et j\u2019ai achet\u00e9 un tube de d\u00e9maquillant cr\u00e8me unique, c\u2019est moins dangereux qu\u2019une cr\u00e8me de nuit s\u00e9rum pour les yeux anti-\u00e2ge pour peau sensible, quelque part. Et \u00e0 6,90 \u20ac le tube de 100 ml, compar\u00e9 \u00e0 mon huile Shu Uemura c\u2019est pas le bout du monde, si vraiment c\u2019\u00e9tait naze je risquais pas de perdre trop d\u2019argent de ma banqui\u00e8re.<\/p>\n<p>Le conditionnement est adapt\u00e9 \u00e0 mes all\u00e9es et venues luberonesques (petit, facile \u00e0 caser, inrenversable dans la trousse de toilette), et l\u2019utilisation simple comme il faut (application avec les mains, rin\u00e7age \u00e0 la flotte, pas besoin de lotion ni de coton, du tout en un comme j\u2019aime).<\/p>\n<p>Bien pratique pour voyager, en somme (hi hi, c\u2019est la premi\u00e8re fois de ma vie que j\u2019\u00e9cris \u00ab en somme \u00bb, j\u2019ai l\u2019impression d\u2019\u00eatre en 1950 ;-)).<\/p>\n<p>Contre toute attente c\u2019est tr\u00e8s bien : \u00e7a sent juste la cr\u00e8me (genre Biafine, un truc net et propre), \u00e7a d\u00e9maquille et \u00e7a pique pas les yeux. La notice est nulle, il y a marqu\u00e9 : massez votre visage du bout des doigts. Ils parlent pas des yeux. Je suis d\u00e9sol\u00e9e, si un truc fait les yeux normalement c\u2019est \u00e9crit sur la boite, sinon \u00e7a veut dire que vous allez chopper la myxomatose \u00e0 peine vous aurez regard\u00e9 le produit.<\/p>\n<p>Bref, n\u2019\u00e9coutant que mon courage et toute d\u00e9vou\u00e9e \u00e0 la cause facholandienne, je m\u2019en suis foutu plein les yeux et ils ont m\u00eame pas pleur\u00e9.<\/p>\n<p>Il semble donc qu\u2019on puisse acheter des trucs de cette marque sans craindre l\u2019abomination allergique et ecz\u00e9mateuse, je suis presque d\u00e9\u00e7ue. Si on ne peut m\u00eame plus valider ses pr\u00e9jug\u00e9s par l\u2019exp\u00e9rience, cette dictature bat de l\u2019aile ;-)<\/p>\n<p>PS : je sais, je poste hyper tard alors que je suis l\u00e0 depuis les aurores bl\u00eames, mais je tenais \u00e0 lire tous les commentaires et \u00e0 faire le m\u00e9nage avant tout, parce qu\u2019une fois que tout le monde est connect\u00e9 c\u2019est foutu, j\u2019ai plus acc\u00e8s \u00e0 rien jusqu\u2019\u00e0 minuit ;-)<\/p>\n","protected":false},"excerpt":{"rendered":"<p>Je ne suis pas une grande fan de Sephora, c\u2019est pas nouveau. J\u2019y vais pourtant r\u00e9guli\u00e8rement parce que c\u2019est un peu moins cher que le Printemps, et encore un peu moins les jours de r\u00e9ducs&#8230;<br \/> <a class=\"read-more\" href=\"https:\/\/www.monblogdefille.com\/blog\/si-on-peut-meme-plus-se-fier-aux-apparences\/\">Lire la suite \u00bb<\/a><\/p>\n","protected":false},"author":3,"featured_media":0,"comment_status":"open","ping_status":"open","sticky":false,"template":"","format":"standard","meta":{"footnotes":""},"categories":[1489],"tags":[20109,19954],"class_list":["post-13253","post","type-post","status-publish","format-standard","hentry","category-le-soin","tag-demaquillage","tag-sephora"],"_links":{"self":[{"href":"https:\/\/www.monblogdefille.com\/blog\/wp-json\/wp\/v2\/posts\/13253","targetHints":{"allow":["GET"]}}],"collection":[{"href":"https:\/\/www.monblogdefille.com\/blog\/wp-json\/wp\/v2\/posts"}],"about":[{"href":"https:\/\/www.monblogdefille.com\/blog\/wp-json\/wp\/v2\/types\/post"}],"author":[{"embeddable":true,"href":"https:\/\/www.monblogdefille.com\/blog\/wp-json\/wp\/v2\/users\/3"}],"replies":[{"embeddable":true,"href":"https:\/\/www.monblogdefille.com\/blog\/wp-json\/wp\/v2\/comments?post=13253"}],"version-history":[{"count":0,"href":"https:\/\/www.monblogdefille.com\/blog\/wp-json\/wp\/v2\/posts\/13253\/revisions"}],"wp:attachment":[{"href":"https:\/\/www.monblogdefille.com\/blog\/wp-json\/wp\/v2\/media?parent=13253"}],"wp:term":[{"taxonomy":"category","embeddable":true,"href":"https:\/\/www.monblogdefille.com\/blog\/wp-json\/wp\/v2\/categories?post=13253"},{"taxonomy":"post_tag","embeddable":true,"href":"https:\/\/www.monblogdefille.com\/blog\/wp-json\/wp\/v2\/tags?post=13253"}],"curies":[{"name":"wp","href":"https:\/\/api.w.org\/{rel}","templated":true}]}}