{"id":132453,"date":"2010-09-09T08:22:59","date_gmt":"2010-09-09T06:22:59","guid":{"rendered":"http:\/\/www.monblogdefille.com\/blog\/?p=132453"},"modified":"2012-01-01T17:57:05","modified_gmt":"2012-01-01T16:57:05","slug":"ma-vitrine-galafs-en-photos","status":"publish","type":"post","link":"https:\/\/www.monblogdefille.com\/blog\/ma-vitrine-galafs-en-photos\/","title":{"rendered":"Ma vitrine Galafs en photos"},"content":{"rendered":"<p><img loading=\"lazy\" decoding=\"async\" class=\"alignnone size-full wp-image-132454\" title=\"vitrines galafs 1\" src=\"http:\/\/www.monblogdefille.com\/blog\/wp-content\/uploads\/2010\/09\/vitrines-galafs-1.jpg\" alt=\"\" width=\"500\" height=\"607\" \/><\/p>\n<p>Ca y est !!!! Je l&rsquo;ai vue !! Elle est petite mais hyper mignonne !! Et j&rsquo;y ai retrouv\u00e9 des d\u00e9tails touchants de mon sweet home : les \u00e9talagistes ont fait un boulot super chouette et \u00e7a m&rsquo;a fait plaisir de les rencontrer et de pouvoir les remercier !<\/p>\n<p>On a fait un petit tour des vitrines avec les bloggeurs dispos (ouiiii, j&rsquo;ai vu Monsieur<a href=\"http:\/\/www.commeuncamion.com\/\" target=\"_blank\" rel=\"noopener\"> Comme un camion<\/a>, il existe pour de vrai ! ;-), les \u00e9talagistes, et Virginie qui s&rsquo;est occup\u00e9e de la cr\u00e9ation des vitrines et qui est une d\u00e9licieuse jeune femme (avec moi sur la photo) ; je crois que ma vitrine pr\u00e9f\u00e9r\u00e9e est celle de <a href=\"http:\/\/www.marieluvpink.com\/\" target=\"_blank\" rel=\"noopener\">Marie<\/a>, marrante et vivante comme tout ! (ah ben non je vous montre pas, je vais pas lui spoiler son truc ;-)<\/p>\n<p>Voici quelques photos, faites par <a href=\"http:\/\/www.youtube.com\/user\/framb0uaz\" target=\"_blank\" rel=\"noopener\">Camille<\/a>, <a href=\"http:\/\/www.ecribouille.net\/\" target=\"_blank\" rel=\"noopener\">Ecribouille \/ Uty<\/a> (que j&rsquo;ai retrouv\u00e9e par hasard devant ma vitrine ;-) et moi. Merci les filles, je n&rsquo;aurais pas pu avoir d&rsquo;aussi jolis d\u00e9tails avec mon pauvre petit Ixus agonisant !<\/p>\n<p>Si vous passez dans le coin allez les voir toutes, \u00e7a vaut vraiment le coup !<\/p>\n<p>PS : je pr\u00e9cise parce que \u00e7a saute pas forc\u00e9ment aux yeux sur les photos : dans les \u00ab\u00a0miroirs\u00a0\u00bb, ce ne sont pas des photos de moi, mais des vid\u00e9os (de maquillage, oeuf corse ;-)<\/p>\n<p><img loading=\"lazy\" decoding=\"async\" class=\"alignnone size-full wp-image-132455\" title=\"vitrines galafs camille 1\" src=\"http:\/\/www.monblogdefille.com\/blog\/wp-content\/uploads\/2010\/09\/vitrines-galafs-camille-1.jpg\" alt=\"\" width=\"500\" height=\"667\" \/><\/p>\n<p><img loading=\"lazy\" decoding=\"async\" class=\"alignnone size-full wp-image-132457\" title=\"vitrines galafs 2\" src=\"http:\/\/www.monblogdefille.com\/blog\/wp-content\/uploads\/2010\/09\/vitrines-galafs-2.jpg\" alt=\"\" width=\"500\" height=\"348\" \/><\/p>\n<p><img loading=\"lazy\" decoding=\"async\" class=\"alignnone size-full wp-image-132456\" title=\"vitrines galafs ecribouille 3\" src=\"http:\/\/www.monblogdefille.com\/blog\/wp-content\/uploads\/2010\/09\/vitrines-galafs-ecribouille-3.jpg\" alt=\"\" width=\"500\" height=\"750\" \/><\/p>\n","protected":false},"excerpt":{"rendered":"<p>Ca y est !!!! Je l&rsquo;ai vue !! Elle est petite mais hyper mignonne !! Et j&rsquo;y ai retrouv\u00e9 des d\u00e9tails touchants de mon sweet home : les \u00e9talagistes ont fait un boulot super chouette&#8230;<br \/> <a class=\"read-more\" href=\"https:\/\/www.monblogdefille.com\/blog\/ma-vitrine-galafs-en-photos\/\">Lire la suite \u00bb<\/a><\/p>\n","protected":false},"author":3,"featured_media":132454,"comment_status":"open","ping_status":"open","sticky":false,"template":"","format":"standard","meta":{"footnotes":""},"categories":[1485],"tags":[20085],"class_list":["post-132453","post","type-post","status-publish","format-standard","has-post-thumbnail","hentry","category-le-maquillage","tag-la-mode-cest-vous"],"_links":{"self":[{"href":"https:\/\/www.monblogdefille.com\/blog\/wp-json\/wp\/v2\/posts\/132453","targetHints":{"allow":["GET"]}}],"collection":[{"href":"https:\/\/www.monblogdefille.com\/blog\/wp-json\/wp\/v2\/posts"}],"about":[{"href":"https:\/\/www.monblogdefille.com\/blog\/wp-json\/wp\/v2\/types\/post"}],"author":[{"embeddable":true,"href":"https:\/\/www.monblogdefille.com\/blog\/wp-json\/wp\/v2\/users\/3"}],"replies":[{"embeddable":true,"href":"https:\/\/www.monblogdefille.com\/blog\/wp-json\/wp\/v2\/comments?post=132453"}],"version-history":[{"count":0,"href":"https:\/\/www.monblogdefille.com\/blog\/wp-json\/wp\/v2\/posts\/132453\/revisions"}],"wp:featuredmedia":[{"embeddable":true,"href":"https:\/\/www.monblogdefille.com\/blog\/wp-json\/wp\/v2\/media\/132454"}],"wp:attachment":[{"href":"https:\/\/www.monblogdefille.com\/blog\/wp-json\/wp\/v2\/media?parent=132453"}],"wp:term":[{"taxonomy":"category","embeddable":true,"href":"https:\/\/www.monblogdefille.com\/blog\/wp-json\/wp\/v2\/categories?post=132453"},{"taxonomy":"post_tag","embeddable":true,"href":"https:\/\/www.monblogdefille.com\/blog\/wp-json\/wp\/v2\/tags?post=132453"}],"curies":[{"name":"wp","href":"https:\/\/api.w.org\/{rel}","templated":true}]}}