{"id":13242,"date":"2006-06-21T09:28:28","date_gmt":"2006-06-21T07:28:28","guid":{"rendered":"http:\/\/localhost\/wordpress\/?p=13242"},"modified":"2011-12-31T18:47:49","modified_gmt":"2011-12-31T17:47:49","slug":"pourquoi-je-suis-violemment-opposee-a-toute-forme-de-regime-amaigrissant","status":"publish","type":"post","link":"https:\/\/www.monblogdefille.com\/blog\/pourquoi-je-suis-violemment-opposee-a-toute-forme-de-regime-amaigrissant\/","title":{"rendered":"Pourquoi je suis violemment oppos\u00e9e \u00e0 toute forme de r\u00e9gime amaigrissant"},"content":{"rendered":"<p><img decoding=\"async\" src=\"wp-content\/themes\/default\/images\/balance.jpg\" alt=\"balance\" hspace=\"5\" align=\"right\" \/>Une fois n\u2019est pas coutume, je vais vous raconter ma vie : depuis le temps que je vous dis au d\u00e9tour d\u2019un commentaire \u00ab mais pourquoi veux-tu maigrir ??\u00bb, ou \u00ab jamais je ne me priverai de saucisson !\u00bb, je prends enfin le clavier pour vous parler de ma vie-mes r\u00e9gimes-mon poids-ma vision du corps. Hop, rien que \u00e7a.<\/p>\n<p>Accrochez-vous, r\u00e9glez votre \u00e9cran, mettez vos lunettes, \u00e7a va \u00eatre un peu long. Un peu perso, aussi, ce que je n\u2019approuve jamais beaucoup sur un blog, mais l\u00e0 j\u2019ai pas le choix, je suis bien oblig\u00e9e de vous raconter comment j\u2019en suis venue \u00e0 penser comme aujourd\u2019hui.<\/p>\n<p>A la base je suis une fille mince, mon poids \u00ab de forme \u00bb se situe quelque part entre 60 et 65 kilos pour 1m70 (\u00e0 l\u2019\u00e2ge adulte, pas \u00e0 la naissance, concentrez-vous un peu au lieu de dire des b\u00eatises au fond de la salle).<\/p>\n<p>Bon j\u2019ai eu un petit \u00e9pisode simili-anorexico-r\u00e9gimesque vers 23 ans, o\u00f9 je ne pesais plus que 52 kilos et j\u2019\u00e9tais super fi\u00e8re d\u2019avoir le dessus sur mon corps, ce qui prouve bien qu\u2019au fond je ne suis pas tr\u00e8s nette de ce c\u00f4t\u00e9 (on voyait tous mes os, tout le monde me trouvait monstrueuse mais j\u2019\u00e9tais hyper contente de moi).<\/p>\n<p>Bref, apr\u00e8s normal, rien \u00e0 signaler \u00e0 part une grande haine de mon corps, comme pas mal de filles jeunes. Sur le coup de 30 ans, \u00e0 68 kilos, j\u2019ai d\u00e9cid\u00e9 que j\u2019\u00e9tais ob\u00e8se et me suis mise au r\u00e9gime sec. Plus de sucre, plus de gras, plus de f\u00e9culents, plus d\u2019alcool, plus rien que des trucs d\u00e9primants pendant deux ans. Je suis descendue jusqu\u2019\u00e0 58 kilos, c\u2019\u00e9tait la victoire.<\/p>\n<p>Tout \u00e7a \u00e0 la force du poignet, \u00e0 m\u2019engueuler avec l\u2019Homme tous les soirs ou presque parce que j\u2019avais faim. Et \u00e0 me d\u00e9tester toujours autant, tout en ayant la satisfaction d\u2019 \u00ab au moins faire quelque chose \u00bb. Il m\u2019est arriv\u00e9 de fondre en larmes juste en me regardant dans une glace, c\u2019est dire \u00e0 quel point j\u2019\u00e9tais tap\u00e9e.<\/p>\n<p>Et puis un jour, j\u2019ai l\u00e2ch\u00e9 la rampe. Totalement et pour toujours. Je me suis arr\u00eat\u00e9e de bosser pendant un an, j\u2019ai d\u00e9couvert les joies de la tranquillit\u00e9 \u00e0 domicile, et surtout, surtout, j\u2019ai d\u00e9couvert <a hreflang=\"fr\" href=\"http:\/\/www.marmiton.org\/general\/home.cfm\" target=\"_blank\" rel=\"noopener\">Marmiton<\/a>, ses milliers de recettes et son merveilleux Forum.<\/p>\n<p>Je me suis mise \u00e0 cuisiner comme une malade, stimul\u00e9e par cette ambiance extraordinaire, ce gens si sympas, que j\u2019ai peu \u00e0 eu rencontr\u00e9s en vrai, autour de repas gigantesques et gastronomiques.<\/p>\n<p>Comme je suis une fille enti\u00e8re et passionn\u00e9e, je ne vivais plus que pour la cuisine, j\u2019invitais des amis rien que pour pouvoir \u00e9laborer des menus raffin\u00e9s, je m\u2019amusais beaucoup.<\/p>\n<p>Pendant ce temps, trop heureux de manger \u00e0 sa faim apr\u00e8s deux ans de privations mais terrifi\u00e9 \u00e0 l\u2019id\u00e9e que \u00e7a recommence, mon corps stockait tout ce que je lui donnais. Sans compter que je lui donnais trop, frustr\u00e9e que j\u2019avais \u00e9t\u00e9, j\u2019en avais des d\u00e9lices gastronomiques \u00e0 rattraper. Je pense m\u2019\u00eatre nourrie de froie gras, cr\u00e8me fra\u00eeche et parmesan aussi souvent que possible et en trop grandes quantit\u00e9s, pour compenser les mois de l\u00e9gumes sans sauce en portions congrues.<\/p>\n<p>J\u2019ai pris 20 kilos en deux ans, ce qui tr\u00e8s rapide et assez spectaculaire. J\u2019ai d\u00fb changer au moins deux fois toute ma garde-robe, je dois avouer que sur la fin je commen\u00e7ais un peu \u00e0 avoir envie de consacrer mes sous \u00e0 autre chose (v\u00e9ridique).<\/p>\n<p>Mais je n\u2019ai jamais fait la moindre tentative pour renverser la vapeur, j\u2019attendais de voir o\u00f9 mon corps allait s\u2019arr\u00eater tout seul (un peu inqui\u00e8te quand m\u00eame \u00e0 l\u2019id\u00e9e qu\u2019il ne s\u2019arr\u00eate jamais ;-)).<\/p>\n<p>Vous savez pourquoi ? Parce que j\u2019avais enfin d\u00e9couvert que le physique on s\u2019en fout, que personne ne m\u2019aimerait plus parce que j\u2019\u00e9tais plus belle ou plus mince, et que de toutes fa\u00e7ons belle n\u2019\u00e9quivalait pas toujours \u00e0 mince.<\/p>\n<p>Tout \u00e7a gr\u00e2ce \u00e0 Marmiton, o\u00f9 les gens sont l\u00e0 pour la convivialit\u00e9 et le partage, et o\u00f9 on devient amie avec eux sans les voir en vrai (et quand on le voit en vrai on s\u2019en contrefiche de leur physique, c\u2019est pas pour \u00e7a qu\u2019on les aime).<\/p>\n<p>Des choses qui peuvent sembler \u00e9videntes, mais dont j\u2019\u00e9tais tr\u00e8s loin.<\/p>\n<p>Je p\u00e8se aujourd\u2019hui 78 kilos (toujours pour 1m70, heureusement que je me suis pas tass\u00e9e entre temps ;-), et mon poids ne bouge plus depuis un an. A cette \u00e9poque j\u2019ai vu Zermati (le fameux toubib qui passe \u00e0 la t\u00e9loche, j\u2019avais lu son bouquin et trouv\u00e9 \u00e7a super intelligent) pendant un mois ou deux, pour comprendre pourquoi je grossissais comme \u00e7a (et v\u00e9rifier que \u00e7a allait s\u2019arr\u00eater avant que je ne fasse 250 kilos ;-)). Il s\u2019av\u00e8re en effet que, par peur de manquer et d\u2019avoir faim, je mange trop. Depuis j\u2019essaye (en n\u2019y arrivant pas toujours) de m\u2019arr\u00eater quand je n\u2019ai plus faim, c\u2019est tout. En dehors de \u00e7a je laisse mon corps vivre sa vie, tout le monde n\u2019est pas fait pour \u00eatre mince, comme dit le bon docteur.<\/p>\n<p>Mes complexes physiques ont peu \u00e0 peu disparu au fur et \u00e0 mesure que mon poids augmentait, je vis maintenant en paix avec mon corps, et j\u2019ai d\u00e9cid\u00e9 de ne plus JAMAIS faire de r\u00e9gime de ma vie.<\/p>\n<p>D\u2019abord je ne veux plus jamais me priver de bouffer, c\u2019est une violence compl\u00e8tement masochiste, et ensuite je sais que m\u00eame si je maigris, le jour o\u00f9 je l\u00e2cherai je reprendrai le double de ce que j\u2019aurai perdu. Or on finit toujours par l\u00e2cher : deuil, rupture, perte de boulot pour le n\u00e9gatif, mariage ou b\u00e9b\u00e9 pour le positif, on a toujours un jour o\u00f9 l\u2019autre une raison de remanger. On ne peut pas se priver \u00e0 vie, et quand bien m\u00eame on pourrait, bonjour la vie que \u00e7a suppose. Comme dit Nina Killham dans L\u2019art d\u2019accommoder les restes, \u00ab la vie est trop courte pour qu\u2019on la traverse le ventre vide \u00bb. La frustration, la privation, je suis contre de toutes fa\u00e7ons, dans tous les domaines.<\/p>\n<p>Voil\u00e0 pourquoi le mot r\u00e9gime est interdit \u00e0 Facholand, voil\u00e0 pourquoi vous risquez les mines de sel si vous parlez de l\u00e9gumes vapeur ;-)<\/p>\n<p>Si j\u2019avais pu rester autour de mon poids de base, malgr\u00e9 tout, je m\u2019habillerais plus facilement, et je suis soucieuse d\u2019\u00e9viter aux autres de faire des b\u00eatises avec leur corps, juste pour une petite envie mal contr\u00f4l\u00e9e de moins trois kilos avant le maillot. Voil\u00e0 pourquoi je vous raconte tout \u00e7a. Faire un r\u00e9gime n\u2019est pas anodin, et accepter son corps ne passe pas par une taille 38.<\/p>\n<p>PS : \u00e7a n\u2019emp\u00eache que j\u2019ai les boules quand je n\u2019entre m\u00eame pas un bras dans un top Zara taille XL, ou si 15 tops models sont assises \u00e0 c\u00f4t\u00e9 de moi au resto, mais je refuse de c\u00e9der \u00e0 la pression ;-) Je suis jolie et dodue, je le resterai ;-)<\/p>\n<p>PS 2 : \u00e0 celles qui ont eu le courage de lire jusqu\u2019au bout : vous avez gagn\u00e9 votre poids en saucisson ;-)<\/p>\n<p>PS 3 : promis, je le f\u2019rai plus ;-)<\/p>\n","protected":false},"excerpt":{"rendered":"<p>Une fois n\u2019est pas coutume, je vais vous raconter ma vie : depuis le temps que je vous dis au d\u00e9tour d\u2019un commentaire \u00ab mais pourquoi veux-tu maigrir ??\u00bb, ou \u00ab jamais je ne me&#8230;<br \/> <a class=\"read-more\" href=\"https:\/\/www.monblogdefille.com\/blog\/pourquoi-je-suis-violemment-opposee-a-toute-forme-de-regime-amaigrissant\/\">Lire la suite \u00bb<\/a><\/p>\n","protected":false},"author":3,"featured_media":0,"comment_status":"open","ping_status":"open","sticky":false,"template":"","format":"standard","meta":{"footnotes":""},"categories":[1493],"tags":[20033],"class_list":["post-13242","post","type-post","status-publish","format-standard","hentry","category-psycho-de-comptoir","tag-rondeurs"],"_links":{"self":[{"href":"https:\/\/www.monblogdefille.com\/blog\/wp-json\/wp\/v2\/posts\/13242","targetHints":{"allow":["GET"]}}],"collection":[{"href":"https:\/\/www.monblogdefille.com\/blog\/wp-json\/wp\/v2\/posts"}],"about":[{"href":"https:\/\/www.monblogdefille.com\/blog\/wp-json\/wp\/v2\/types\/post"}],"author":[{"embeddable":true,"href":"https:\/\/www.monblogdefille.com\/blog\/wp-json\/wp\/v2\/users\/3"}],"replies":[{"embeddable":true,"href":"https:\/\/www.monblogdefille.com\/blog\/wp-json\/wp\/v2\/comments?post=13242"}],"version-history":[{"count":0,"href":"https:\/\/www.monblogdefille.com\/blog\/wp-json\/wp\/v2\/posts\/13242\/revisions"}],"wp:attachment":[{"href":"https:\/\/www.monblogdefille.com\/blog\/wp-json\/wp\/v2\/media?parent=13242"}],"wp:term":[{"taxonomy":"category","embeddable":true,"href":"https:\/\/www.monblogdefille.com\/blog\/wp-json\/wp\/v2\/categories?post=13242"},{"taxonomy":"post_tag","embeddable":true,"href":"https:\/\/www.monblogdefille.com\/blog\/wp-json\/wp\/v2\/tags?post=13242"}],"curies":[{"name":"wp","href":"https:\/\/api.w.org\/{rel}","templated":true}]}}