{"id":132301,"date":"2010-08-27T08:27:01","date_gmt":"2010-08-27T06:27:01","guid":{"rendered":"http:\/\/www.monblogdefille.com\/blog\/?p=132301"},"modified":"2012-01-01T17:57:49","modified_gmt":"2012-01-01T16:57:49","slug":"pourquoi-jachete-tout-le-temps-des-bottes-et-des-sacs","status":"publish","type":"post","link":"https:\/\/www.monblogdefille.com\/blog\/pourquoi-jachete-tout-le-temps-des-bottes-et-des-sacs\/","title":{"rendered":"Pourquoi j&rsquo;ach\u00e8te tout le temps des bottes et des sacs"},"content":{"rendered":"<p><img loading=\"lazy\" decoding=\"async\" class=\"alignnone size-full wp-image-132302\" title=\"vache salers\" src=\"http:\/\/www.monblogdefille.com\/blog\/wp-content\/uploads\/2010\/08\/vache-salers.jpg\" alt=\"\" width=\"500\" height=\"468\" \/><\/p>\n<p>Je viens seulement de comprendre, la r\u00e9v\u00e9lation m&rsquo;est tomb\u00e9e dessus comme la v\u00e9role sur le bas clerg\u00e9 breton.<\/p>\n<p>Je croyais que c&rsquo;\u00e9tait parce que je suis grosse et que donc ce sont les seuls trucs avec lesquels il n&rsquo;y a pas de probl\u00e8me de taille (mais si, les fabricants de bottes commencent \u00e0 faire des tours de mollets normaux, je vous promets) ; or oui, mais pas que.<\/p>\n<p>C&rsquo;est, surtout, en r\u00e9alit\u00e9, parce que j&rsquo;adooooooooooooooore le cuir. Cette mati\u00e8re est magnifique, j&rsquo;aime sa texture, ses couleurs, la mani\u00e8re dont elle vieillit et se patine&#8230; Je la trouve noble, chic et rock \u00e0 la fois, \u00e9l\u00e9gante et facile, belle sous un nombre de formes incalculable.<\/p>\n<p>Evidemment j&rsquo;ach\u00e8te que des bottes et des sacs en vrai cuir, le faux cuir c&rsquo;est comme les faux diamants, je suis violemment contre (pour moi, vous faites bien ce que vous voulez). Et non j&rsquo;ach\u00e8te pas de sacs en tissu, \u00e7a m&rsquo;int\u00e9resse pas.<\/p>\n<p>Comment \u00e7a, vous vous foutez \u00e9perdument de ma psychologie cuiresque ? Ecoutez hein, pour une fois que je parle pas de maquillage, venez pas r\u00e2ler.<\/p>\n<p>PS : oui sur la photo c&rsquo;est une vache de Salers. A mon avis on peut faire vache \u00e0 fromage \/ barbaque et vache \u00e0 bottes, je vois pas de contre-indication ; et pis faut pas g\u00e2cher.<\/p>\n","protected":false},"excerpt":{"rendered":"<p>Je viens seulement de comprendre, la r\u00e9v\u00e9lation m&rsquo;est tomb\u00e9e dessus comme la v\u00e9role sur le bas clerg\u00e9 breton. Je croyais que c&rsquo;\u00e9tait parce que je suis grosse et que donc ce sont les seuls trucs&#8230;<br \/> <a class=\"read-more\" href=\"https:\/\/www.monblogdefille.com\/blog\/pourquoi-jachete-tout-le-temps-des-bottes-et-des-sacs\/\">Lire la suite \u00bb<\/a><\/p>\n","protected":false},"author":3,"featured_media":132302,"comment_status":"open","ping_status":"open","sticky":false,"template":"","format":"standard","meta":{"footnotes":""},"categories":[19927],"tags":[19950,19964],"class_list":["post-132301","post","type-post","status-publish","format-standard","has-post-thumbnail","hentry","category-looks","tag-chaussures","tag-sacs"],"_links":{"self":[{"href":"https:\/\/www.monblogdefille.com\/blog\/wp-json\/wp\/v2\/posts\/132301","targetHints":{"allow":["GET"]}}],"collection":[{"href":"https:\/\/www.monblogdefille.com\/blog\/wp-json\/wp\/v2\/posts"}],"about":[{"href":"https:\/\/www.monblogdefille.com\/blog\/wp-json\/wp\/v2\/types\/post"}],"author":[{"embeddable":true,"href":"https:\/\/www.monblogdefille.com\/blog\/wp-json\/wp\/v2\/users\/3"}],"replies":[{"embeddable":true,"href":"https:\/\/www.monblogdefille.com\/blog\/wp-json\/wp\/v2\/comments?post=132301"}],"version-history":[{"count":0,"href":"https:\/\/www.monblogdefille.com\/blog\/wp-json\/wp\/v2\/posts\/132301\/revisions"}],"wp:featuredmedia":[{"embeddable":true,"href":"https:\/\/www.monblogdefille.com\/blog\/wp-json\/wp\/v2\/media\/132302"}],"wp:attachment":[{"href":"https:\/\/www.monblogdefille.com\/blog\/wp-json\/wp\/v2\/media?parent=132301"}],"wp:term":[{"taxonomy":"category","embeddable":true,"href":"https:\/\/www.monblogdefille.com\/blog\/wp-json\/wp\/v2\/categories?post=132301"},{"taxonomy":"post_tag","embeddable":true,"href":"https:\/\/www.monblogdefille.com\/blog\/wp-json\/wp\/v2\/tags?post=132301"}],"curies":[{"name":"wp","href":"https:\/\/api.w.org\/{rel}","templated":true}]}}