{"id":132290,"date":"2010-08-26T07:50:38","date_gmt":"2010-08-26T05:50:38","guid":{"rendered":"http:\/\/www.monblogdefille.com\/blog\/?p=132290"},"modified":"2010-09-13T21:04:41","modified_gmt":"2010-09-13T19:04:41","slug":"soiree-mac-fabulous-felines","status":"publish","type":"post","link":"https:\/\/www.monblogdefille.com\/blog\/soiree-mac-fabulous-felines\/","title":{"rendered":"Soir\u00e9e MAC Fabulous Felines"},"content":{"rendered":"<p><img loading=\"lazy\" decoding=\"async\" class=\"alignnone size-full wp-image-132291\" title=\"MAC Fabulous Felines\" src=\"http:\/\/www.monblogdefille.com\/blog\/wp-content\/uploads\/2010\/08\/MAC-Fabulous-Felines.jpg\" alt=\"\" width=\"500\" height=\"647\" \/><\/p>\n<p>Or donc c&rsquo;est la rentr\u00e9e, c&rsquo;est pas cool (enfin moi je suis revenue le 16 ao\u00fbt et je vais pas \u00e0 l&rsquo;\u00e9cole donc je m&rsquo;en fous un peu, mais je me comprends). Mais pile poil, MAC nous sort une tr\u00e8s belle collec&rsquo;, que \u00e7a va nous permettre d&rsquo;acheter autre chose que des intercalaires transparents ou des pantalons noirs.<\/p>\n<p>Ca m\u00e9rite bien une soir\u00e9e chez Christian pour voir et essayer tout \u00e7a, et manger des rillettes en buvant un coup et en comparant nos taches de soleil (le retour de la rillette, youhou !).<\/p>\n<p>Christian nous attend le <strong>jeudi 2 septembre \u00e0 partir de 19h15<\/strong>, \u00e0 la <strong>boutique MAC Abbesses<\/strong>, 4 rue des Abbesses, 75018 Paris (m\u00e9tro Abbesses et parking je sais pas, j&rsquo;ai pas de voiture).<\/p>\n<p><strong>C&rsquo;est ouvert \u00e0 tout le monde, vous n&rsquo;avez pas besoin de vous inscrire<\/strong> ; et si vous avez peur, vous pouvez venir avec une copine (cela dit, jusqu&rsquo;ici m\u00eame celles qui avaient peur ont pass\u00e9 un bon moment ;-).<\/p>\n<p>Viendez donc, fabuleuses f\u00e9lines ;-)<\/p>\n<p><strong>Edit <\/strong>: Yihou ! Chrisitan viens de me dire que C\u00e9cile serait l\u00e0 pour faire des d\u00e9mos sur vous ! J&rsquo;aime beaucoup C\u00e9cile (elle \u00e9tait l\u00e0 aux derni\u00e8res soir\u00e9es, c&rsquo;est la super maquilleuse pleine d&rsquo;\u00e9nergie), et \u00e7a lui fait plaisir de venir parce qu&rsquo;elle nous aime bien, c&rsquo;est cool !<\/p>\n","protected":false},"excerpt":{"rendered":"<p>Or donc c&rsquo;est la rentr\u00e9e, c&rsquo;est pas cool (enfin moi je suis revenue le 16 ao\u00fbt et je vais pas \u00e0 l&rsquo;\u00e9cole donc je m&rsquo;en fous un peu, mais je me comprends). Mais pile poil,&#8230;<br \/> <a class=\"read-more\" href=\"https:\/\/www.monblogdefille.com\/blog\/soiree-mac-fabulous-felines\/\">Lire la suite \u00bb<\/a><\/p>\n","protected":false},"author":3,"featured_media":132291,"comment_status":"open","ping_status":"open","sticky":false,"template":"","format":"standard","meta":{"footnotes":""},"categories":[1485,1503],"tags":[19963,20086],"class_list":["post-132290","post","type-post","status-publish","format-standard","has-post-thumbnail","hentry","category-le-maquillage","category-sorties","tag-mac","tag-mac-fabulous-felines"],"_links":{"self":[{"href":"https:\/\/www.monblogdefille.com\/blog\/wp-json\/wp\/v2\/posts\/132290","targetHints":{"allow":["GET"]}}],"collection":[{"href":"https:\/\/www.monblogdefille.com\/blog\/wp-json\/wp\/v2\/posts"}],"about":[{"href":"https:\/\/www.monblogdefille.com\/blog\/wp-json\/wp\/v2\/types\/post"}],"author":[{"embeddable":true,"href":"https:\/\/www.monblogdefille.com\/blog\/wp-json\/wp\/v2\/users\/3"}],"replies":[{"embeddable":true,"href":"https:\/\/www.monblogdefille.com\/blog\/wp-json\/wp\/v2\/comments?post=132290"}],"version-history":[{"count":0,"href":"https:\/\/www.monblogdefille.com\/blog\/wp-json\/wp\/v2\/posts\/132290\/revisions"}],"wp:featuredmedia":[{"embeddable":true,"href":"https:\/\/www.monblogdefille.com\/blog\/wp-json\/wp\/v2\/media\/132291"}],"wp:attachment":[{"href":"https:\/\/www.monblogdefille.com\/blog\/wp-json\/wp\/v2\/media?parent=132290"}],"wp:term":[{"taxonomy":"category","embeddable":true,"href":"https:\/\/www.monblogdefille.com\/blog\/wp-json\/wp\/v2\/categories?post=132290"},{"taxonomy":"post_tag","embeddable":true,"href":"https:\/\/www.monblogdefille.com\/blog\/wp-json\/wp\/v2\/tags?post=132290"}],"curies":[{"name":"wp","href":"https:\/\/api.w.org\/{rel}","templated":true}]}}