{"id":132110,"date":"2010-08-01T09:39:22","date_gmt":"2010-08-01T07:39:22","guid":{"rendered":"http:\/\/www.monblogdefille.com\/blog\/?p=132110"},"modified":"2012-03-04T15:52:03","modified_gmt":"2012-03-04T14:52:03","slug":"avene-mon-dermato-prefere","status":"publish","type":"post","link":"https:\/\/www.monblogdefille.com\/blog\/avene-mon-dermato-prefere\/","title":{"rendered":"Av\u00e8ne, mon dermato pr\u00e9f\u00e9r\u00e9"},"content":{"rendered":"<p><img loading=\"lazy\" decoding=\"async\" class=\"alignnone size-full wp-image-132111\" title=\"ma peau carbure 30\" src=\"http:\/\/www.monblogdefille.com\/blog\/wp-content\/uploads\/2010\/08\/ma-peau-carbure-30.jpg\" alt=\"\" width=\"300\" height=\"400\" \/><\/p>\n<p>Or donc je viens de passer quelques jours \u00e0 Av\u00e8ne pour tester la Sensicure (billet \u00e0 venir). J&rsquo;en ai bien s\u00fbr profit\u00e9 pour voir une des dermatos de la Station Thermale et lui demander quoi faire avec ce fucking ecz\u00e9ma.<\/p>\n<p>Et l\u00e0, tadaaaam, elle m&rsquo;a confirm\u00e9 ce que certaines d&rsquo;entre vous avaient pressenti : \u00e7a n&rsquo;est pas de l&rsquo;ecz\u00e9ma mais une <strong>dermite p\u00e9ri-orale<\/strong> ! (traduction : un probl\u00e8me dermato localis\u00e9 autour de la bouche et dans les sillons naso-g\u00e9niens, exactement ce que j&rsquo;ai).<\/p>\n<p>La cause ? Les cortico\u00efdes, majoritairement. Quand on sait que j&rsquo;en mettais en continu depuis un an, on voit vite d&rsquo;o\u00f9 vient le probl\u00e8me.<br \/>\nJe suis d&rsquo;ailleurs, en rentrant chez moi, all\u00e9e voir sur internet ce que \u00e7a racontait \u00e0 propos de ce probl\u00e8me dermato, c&rsquo;est exactement \u00e7a et les photos que j&rsquo;ai vues correspondent tout \u00e0 fait \u00e0 ce \u00e0 quoi je ressemblais au plus fort des pouss\u00e9es (je vous pr\u00e9viens c&rsquo;est tr\u00e8s moche, n&rsquo;y allez pas si vous venez de manger).<br \/>\nCette pathologie peut aussi \u00eatre provoqu\u00e9e et\/ou augment\u00e9e par l&rsquo;utilisation de cr\u00e8mes occlusives, et dieu sait que je m&rsquo;en suis pas priv\u00e9e non plus.<\/p>\n<p>Elle m&rsquo;a donc dit d&rsquo;arr\u00eater imm\u00e9diatement les cortico\u00efdes, d&rsquo;un seul coup (il peut y avoir un effet rebond, perso comme j&rsquo;avais entam\u00e9 une d\u00e9saccoutumance progressive en passant \u00e0 un jour sur deux puis un jour sur trois, je n&rsquo;ai pas eu de rebond).<\/p>\n<p>Mon ordonnance est la suivante (confirm\u00e9e par Jo\u00eblle, la responsable du maquillage m\u00e9dical chez Av\u00e8ne, tr\u00e8s tr\u00e8s cal\u00e9e en soins du visage et en qui j&rsquo;ai une confiance absolue &#8211; elle en a vu d\u00e9filer, des peaux et des pathologies !) :<\/p>\n<p>WARNING tout ce que je d\u00e9cris ici est mon ordonnance perso et ne pr\u00e9tend pas s&rsquo;appliquer \u00e0 d&rsquo;autres &#8211; m\u00eame si je pense que pour des peaux similaires \u00e0 la mienne, un peu de douceur ne peut pas faire de mal ;-)<\/p>\n<p><strong>Lotion Micellaire<\/strong> : uniquement pour d\u00e9maquiller ou nettoyer, pas juste pour filer un coup de frais . C&rsquo;est un vrai produit nettoyant, d&rsquo;ailleurs Jo\u00eblle la rince toujours \u00e0 l&rsquo;eau thermale.<br \/>\nA vrai dire Jo\u00eblle pr\u00e9conise toujours de rincer, m\u00eame les produits marqu\u00e9s \u00ab\u00a0sans rin\u00e7age\u00a0\u00bb. Mais avec une eau douce, si possible. Donc si eau du robinet de Paris calcaire et chlor\u00e9e, pschitter de l&rsquo;eau thermale ensuite pour neutraliser les saloperies irritantes.<\/p>\n<p><strong>Eau d&rsquo;Av\u00e8ne<\/strong> : je l&rsquo;utilise donc le matin pour me rafra\u00eechir le visage, et apr\u00e8s les nettoyants pour parfaire et apaiser.<br \/>\nJe masse doucement l&rsquo;eau puis je la s\u00e8che en tamponnant (pas essuyer violemment comme je le faisais ! ;-).<br \/>\nEt j&rsquo;en mets juste avant ma cr\u00e8me de soin : j&rsquo;en pschitte plein, je masse et je mets tout de suite la cr\u00e8me qui se m\u00e9lange \u00e0 l&rsquo;eau et permet de la pi\u00e9ger un peu dans la peau (comme la mienne est d\u00e9shydrat\u00e9e, \u00e7a lui fait du bien).<\/p>\n<p><strong>Cr\u00e8me pour peaux intol\u00e9rantes<\/strong> : donc manifestement la cr\u00e8me la plus adapt\u00e9e \u00e0 ma peau en ce moment : apaise la dermite, nourrit sans graisser. J&rsquo;en mets partout, aussi autour des yeux.<\/p>\n<p><strong>Lotion Nettoyante pour peaux intol\u00e9rantes<\/strong> : la d\u00e9couverte de l&rsquo;ann\u00e9e !<br \/>\nJ&rsquo;avais jamais essay\u00e9 ce produit vu que je ne pensais pas ma peau intol\u00e9rante. Et bien c&rsquo;est g\u00e9nial : en fait c&rsquo;est un gel frais et doux qu&rsquo;on masse sur le visage et les yeux (yes, \u00e7a enl\u00e8ve m\u00eame le mascara &#8211; pas waterproof &#8211; m\u00eame si pas aussi bien que le Sens&rsquo;Eyes ;-), puis qu&rsquo;on essuie avec un kleenex avant de pschitter \u00e0 l&rsquo;eau thermale, ou qu&rsquo;on rince \u00e0 l&rsquo;eau du robinet (ce que je fais, en neutralisant le calcaire avec un bon coup d&rsquo;eau thermale ensuite).<br \/>\nJ&rsquo;adore ce gel, il est topissime.<\/p>\n<p>On m&rsquo;a aussi recommand\u00e9, en cas de pouss\u00e9e\/crise, de faire des <strong>compresses<\/strong> <strong>d&rsquo;eau d&rsquo;Av\u00e8ne<\/strong>, puis de mettre <strong>Cicalfate<\/strong> en couche tr\u00e8s fine en massant bien, d&rsquo;attendre une demi-heure et de mettre ma cr\u00e8me habituelle par-dessus (car malgr\u00e9 son air hyper gras, Cicalfate est tr\u00e8s dess\u00e9chante).<\/p>\n<p>Je peux aussi, en cas de crise, mettre du <strong>Masque apaisant hydratant<\/strong> sur tout le visage ou sur la zone concern\u00e9e, pour calmer la peau.<\/p>\n<p>Ah, et aussi, la <strong>Tol\u00e9rance Extr\u00eame<\/strong> n&rsquo;\u00e9tait pas du tout adapt\u00e9e \u00e0 ma peau : beaucoup trop riche (r\u00e9sultat : boutons) !<br \/>\nLa dermato m&rsquo;a dit que je pouvais \u00e0 la limite l&rsquo;utiliser l&rsquo;hiver par grand froid, et encore, le mieux pour moi serait de ne pas l&rsquo;utiliser du tout (ma peau ne manque pas de gras mais d&rsquo;eau, comme on sait depuis longtemps).<\/p>\n<p>Comme quoi les conseils de pros c&rsquo;est pas du luxe, j&rsquo;avais tout faux ;-)<\/p>\n<p>L\u00e0 ma peau va vachement mieux, elle a beaucoup aim\u00e9 le s\u00e9jour \u00e0 Av\u00e8ne et les nombreux bains, pulv\u00e9risations et douches d&rsquo;eau thermale ; et je fais tout bien comme on m&rsquo;a dit (je me gratte plus comme une folle, aussi ;-), je peux vous dire que c&rsquo;est le jour et la nuit par rapport \u00e0 il y a un mois.<\/p>\n","protected":false},"excerpt":{"rendered":"<p><strong>CLIQUEZ SUR LE TITRE POUR ACCEDER AU TEXTE ET AUX COMMENTAIRES.<\/strong><\/p>\n<p><img loading=\"lazy\" decoding=\"async\" class=\"alignnone size-full wp-image-132111\" title=\"ma peau carbure 30\" src=\"http:\/\/www.monblogdefille.com\/blog\/wp-content\/uploads\/2010\/08\/ma-peau-carbure-30.jpg\" alt=\"\" width=\"300\" height=\"400\" \/><\/p>\n","protected":false},"author":3,"featured_media":132111,"comment_status":"open","ping_status":"open","sticky":false,"template":"","format":"standard","meta":{"footnotes":""},"categories":[20028,1489],"tags":[19995],"class_list":["post-132110","post","type-post","status-publish","format-standard","has-post-thumbnail","hentry","category-en-ce-moment-ma-peau-carbure-a-ca","category-le-soin","tag-avene"],"_links":{"self":[{"href":"https:\/\/www.monblogdefille.com\/blog\/wp-json\/wp\/v2\/posts\/132110","targetHints":{"allow":["GET"]}}],"collection":[{"href":"https:\/\/www.monblogdefille.com\/blog\/wp-json\/wp\/v2\/posts"}],"about":[{"href":"https:\/\/www.monblogdefille.com\/blog\/wp-json\/wp\/v2\/types\/post"}],"author":[{"embeddable":true,"href":"https:\/\/www.monblogdefille.com\/blog\/wp-json\/wp\/v2\/users\/3"}],"replies":[{"embeddable":true,"href":"https:\/\/www.monblogdefille.com\/blog\/wp-json\/wp\/v2\/comments?post=132110"}],"version-history":[{"count":0,"href":"https:\/\/www.monblogdefille.com\/blog\/wp-json\/wp\/v2\/posts\/132110\/revisions"}],"wp:featuredmedia":[{"embeddable":true,"href":"https:\/\/www.monblogdefille.com\/blog\/wp-json\/wp\/v2\/media\/132111"}],"wp:attachment":[{"href":"https:\/\/www.monblogdefille.com\/blog\/wp-json\/wp\/v2\/media?parent=132110"}],"wp:term":[{"taxonomy":"category","embeddable":true,"href":"https:\/\/www.monblogdefille.com\/blog\/wp-json\/wp\/v2\/categories?post=132110"},{"taxonomy":"post_tag","embeddable":true,"href":"https:\/\/www.monblogdefille.com\/blog\/wp-json\/wp\/v2\/tags?post=132110"}],"curies":[{"name":"wp","href":"https:\/\/api.w.org\/{rel}","templated":true}]}}