{"id":13202,"date":"2006-05-17T10:27:43","date_gmt":"2006-05-17T10:27:43","guid":{"rendered":"http:\/\/localhost\/wordpress\/?p=13202"},"modified":"2006-05-17T10:27:43","modified_gmt":"2006-05-17T10:27:43","slug":"mon-nagenda-cest-ma-vie-non-il-ny-a-pas-de-faute-de-frappe","status":"publish","type":"post","link":"https:\/\/www.monblogdefille.com\/blog\/mon-nagenda-cest-ma-vie-non-il-ny-a-pas-de-faute-de-frappe\/","title":{"rendered":"Mon nagenda, c\u2019est ma vie (non il n\u2019y a pas de faute de frappe)"},"content":{"rendered":"<p><img decoding=\"async\" src=\"wp-content\/themes\/default\/images\/agenda.jpg\" alt=\"agenda\" align=\"right\" hspace=\"5px\"\/>Vous avez quoi vous comme agenda ? Moi j\u2019ai un Quo Vadis qui va de septembre \u00e0 septembre, parce que j\u2019ai 4 ans dans ma t\u00eate et que l\u2019ann\u00e9e commence en septembre. Apr\u00e8s les grandes vacances quoi, pas en janvier, pfff, n\u2019importe quoi.<br \/>\n<br \/>Quand j\u2019\u00e9tais \u00e9tudiante en droit (z\u2019allez tout savoir), j\u2019\u00e9tais super BCBG limite coinc\u00e9e bleu marine, et j\u2019avais un truc hallucinant en cuir qui pesait 4 kilos.<br \/>\n<br \/>Ah tiens c\u2019\u00e9tait un Filofax, bleu marine aussi, je m\u2019en souviens maintenant. Le machin qui n\u00e9cessite un sac de six m\u00e8tres de long sinon \u00e7a tient pas. Super pratique. Et qui p\u00e8se 4 kilos, donc. Parce que j\u2018avais ma vie dans mon nagenda, comme la plupart des filles : des milliards de notes, de post-it, de coupures de mags\u2026 que je gardais pr\u00e9cieusement d\u2019une ann\u00e9e sur l\u2019autre parce qu\u2019on-sait-jamais-\u00e7a-peut-servir \u00bb. Plus quelques saloperies indispensables invent\u00e9es par Filofax pour me prendre mes sous : des pochettes en plastoc o\u00f9 le moindre document restait coll\u00e9 pour l\u2019\u00e9ternit\u00e9, une r\u00e8gle de 4 cm, un plan du m\u00e9tro de Monaco, que des trucs hyper utiles.<br \/>\n<br \/>Un jour j\u2019en ai eu un peu ras le bol que cet objet prenne la place de deux dictionnaires dans mon sac baguette, et j\u2019ai repris un Quo Vadis Universitaire, comme dans le bon vieux temps.<br \/>\n<br \/>J\u2019adore Quo Vadis, leurs carnets sont trop bien faits, et pis dans la case \u00ab dominante \u00bb je note les anniversaires jusqu\u2019en juillet 2012, \u00e7a comble mes tendances psychorigides.<br \/>\n<br \/>J\u2019y trimballe toujours ma vie : adresses diverses, post-it en tous genres, coupures de magazines accumul\u00e9es depuis des mois, cartes de restos par milliers. Je l\u2019ai customis\u00e9 en y ajoutant un r\u00e9pertoire Cairefontaine aujourd\u2018hui m\u00e9ga craspec et ratur\u00e9, le carnet ridicule vendu avec n\u2019ayant pas la capacit\u00e9 de stockage n\u00e9cessaire. J\u2019ai \u00e9t\u00e9 oblig\u00e9e d\u2019ajouter un gros \u00e9lastique \u00e0 cheveux pour tenir l\u2019ensemble, c\u2019est pas chic du tout mais \u00e7a m\u2019est un peu \u00e9gal, je dois dire. Pour ce type d\u2019objet le c\u00f4t\u00e9 fonctionnel pr\u00e9vaut.<br \/>\n<br \/>L\u2019Homme n\u2019a \u00e9videmment pas d\u2019agenda. Ou plut\u00f4t il en a six mais il ne s\u2019en sert pas, il n\u2019y pense pas et \u00e7a demande trop d\u2019efforts. Son agenda, c\u2019est moi. \u00ab Qu\u2019est-ce qu\u2019on fait samedi ? \u00bb, \u00ab c\u2019est quand l\u2019anniversaire de ma s\u0153ur ? \u00bb\u2026 je r\u00e2le que je suis pas sa secr\u00e9taire, c\u2019est peine perdue, je crois qu\u2019il s\u2019en fout compl\u00e8tement. Il est de notori\u00e9t\u00e9 publique que c\u2019est la femme qui est en charge de la vie sociale du couple, j\u2019en suis la preuve vivante (mes copines aussi, je ne pr\u00e9tends pas avoir le monopole de ce triste \u00e9tat de faits).<br \/>\n<br \/>N\u2019emp\u00eache que si je perds mon agenda, je perds toue ma vie sociale avec, et mon mec aussi ;-)<\/p>\n","protected":false},"excerpt":{"rendered":"<p>Vous avez quoi vous comme agenda ? Moi j\u2019ai un Quo Vadis qui va de septembre \u00e0 septembre, parce que j\u2019ai 4 ans dans ma t\u00eate et que l\u2019ann\u00e9e commence en septembre. Apr\u00e8s les grandes&#8230;<br \/> <a class=\"read-more\" href=\"https:\/\/www.monblogdefille.com\/blog\/mon-nagenda-cest-ma-vie-non-il-ny-a-pas-de-faute-de-frappe\/\">Lire la suite \u00bb<\/a><\/p>\n","protected":false},"author":3,"featured_media":0,"comment_status":"open","ping_status":"open","sticky":false,"template":"","format":"standard","meta":{"footnotes":""},"categories":[1475],"tags":[],"class_list":["post-13202","post","type-post","status-publish","format-standard","hentry","category-divers"],"_links":{"self":[{"href":"https:\/\/www.monblogdefille.com\/blog\/wp-json\/wp\/v2\/posts\/13202","targetHints":{"allow":["GET"]}}],"collection":[{"href":"https:\/\/www.monblogdefille.com\/blog\/wp-json\/wp\/v2\/posts"}],"about":[{"href":"https:\/\/www.monblogdefille.com\/blog\/wp-json\/wp\/v2\/types\/post"}],"author":[{"embeddable":true,"href":"https:\/\/www.monblogdefille.com\/blog\/wp-json\/wp\/v2\/users\/3"}],"replies":[{"embeddable":true,"href":"https:\/\/www.monblogdefille.com\/blog\/wp-json\/wp\/v2\/comments?post=13202"}],"version-history":[{"count":0,"href":"https:\/\/www.monblogdefille.com\/blog\/wp-json\/wp\/v2\/posts\/13202\/revisions"}],"wp:attachment":[{"href":"https:\/\/www.monblogdefille.com\/blog\/wp-json\/wp\/v2\/media?parent=13202"}],"wp:term":[{"taxonomy":"category","embeddable":true,"href":"https:\/\/www.monblogdefille.com\/blog\/wp-json\/wp\/v2\/categories?post=13202"},{"taxonomy":"post_tag","embeddable":true,"href":"https:\/\/www.monblogdefille.com\/blog\/wp-json\/wp\/v2\/tags?post=13202"}],"curies":[{"name":"wp","href":"https:\/\/api.w.org\/{rel}","templated":true}]}}