{"id":132014,"date":"2010-07-22T08:16:27","date_gmt":"2010-07-22T06:16:27","guid":{"rendered":"http:\/\/www.monblogdefille.com\/blog\/?p=132014"},"modified":"2020-05-31T15:29:27","modified_gmt":"2020-05-31T13:29:27","slug":"regardez-les-conneries-que-je-faisais-avec-le-soleil-quand-jetais-jeune-et-bete","status":"publish","type":"post","link":"https:\/\/www.monblogdefille.com\/blog\/regardez-les-conneries-que-je-faisais-avec-le-soleil-quand-jetais-jeune-et-bete\/","title":{"rendered":"Regardez les conneries que je faisais avec le soleil quand j&rsquo;\u00e9tais jeune et b\u00eate"},"content":{"rendered":"<p>Quand je vois \u00e7a je me demande comment c&rsquo;est possible que j&rsquo;ai pas de rides ; en revanche je comprends tr\u00e8s bien pourquoi j&rsquo;ai un melasma !<\/p>\n<p>PS : les Havaianas existaient pas \u00e0 cette \u00e9poque ou je les avais pas encore d\u00e9couvertes, pour me trimbaler comme \u00e7a en vacances avec des sandales de ville ??<\/p>\n<p>PS 2 : oui la photo est pourrie, on s&rsquo;en fout, dans ce cas pr\u00e9cis c&rsquo;est surtout la couleur qui compte (et qui fait peur ;-))<\/p>\n<p>PS 3 : je pr\u00e9cise que pour obtenir cette couleur effroyable (et melasmatique), je me foutais au soleil \u00e0 midi, sans cr\u00e8me, en Provence et au mois d&rsquo;ao\u00fbt, pendant genre 2 semaines&#8230; rien que d&rsquo;y penser, j&rsquo;ai une insolation.<\/p>\n<p><img loading=\"lazy\" decoding=\"async\" class=\"alignnone size-full wp-image-132015\" title=\"conneries soleil\" src=\"http:\/\/www.monblogdefille.com\/blog\/wp-content\/uploads\/2010\/07\/conneries-soleil.jpg\" alt=\"\" width=\"252\" height=\"776\" \/><\/p>\n","protected":false},"excerpt":{"rendered":"<p>Quand je vois \u00e7a je me demande comment c&rsquo;est possible que j&rsquo;ai pas de rides ; en revanche je comprends tr\u00e8s bien pourquoi j&rsquo;ai un melasma ! PS : les Havaianas existaient pas \u00e0 cette&#8230;<br \/> <a class=\"read-more\" href=\"https:\/\/www.monblogdefille.com\/blog\/regardez-les-conneries-que-je-faisais-avec-le-soleil-quand-jetais-jeune-et-bete\/\">Lire la suite \u00bb<\/a><\/p>\n","protected":false},"author":3,"featured_media":132015,"comment_status":"open","ping_status":"open","sticky":false,"template":"","format":"standard","meta":{"footnotes":""},"categories":[1489],"tags":[20258,19961],"class_list":["post-132014","post","type-post","status-publish","format-standard","has-post-thumbnail","hentry","category-le-soin","tag-melasma","tag-soleil"],"_links":{"self":[{"href":"https:\/\/www.monblogdefille.com\/blog\/wp-json\/wp\/v2\/posts\/132014","targetHints":{"allow":["GET"]}}],"collection":[{"href":"https:\/\/www.monblogdefille.com\/blog\/wp-json\/wp\/v2\/posts"}],"about":[{"href":"https:\/\/www.monblogdefille.com\/blog\/wp-json\/wp\/v2\/types\/post"}],"author":[{"embeddable":true,"href":"https:\/\/www.monblogdefille.com\/blog\/wp-json\/wp\/v2\/users\/3"}],"replies":[{"embeddable":true,"href":"https:\/\/www.monblogdefille.com\/blog\/wp-json\/wp\/v2\/comments?post=132014"}],"version-history":[{"count":0,"href":"https:\/\/www.monblogdefille.com\/blog\/wp-json\/wp\/v2\/posts\/132014\/revisions"}],"wp:featuredmedia":[{"embeddable":true,"href":"https:\/\/www.monblogdefille.com\/blog\/wp-json\/wp\/v2\/media\/132015"}],"wp:attachment":[{"href":"https:\/\/www.monblogdefille.com\/blog\/wp-json\/wp\/v2\/media?parent=132014"}],"wp:term":[{"taxonomy":"category","embeddable":true,"href":"https:\/\/www.monblogdefille.com\/blog\/wp-json\/wp\/v2\/categories?post=132014"},{"taxonomy":"post_tag","embeddable":true,"href":"https:\/\/www.monblogdefille.com\/blog\/wp-json\/wp\/v2\/tags?post=132014"}],"curies":[{"name":"wp","href":"https:\/\/api.w.org\/{rel}","templated":true}]}}