{"id":132005,"date":"2010-07-20T10:26:11","date_gmt":"2010-07-20T08:26:11","guid":{"rendered":"http:\/\/www.monblogdefille.com\/blog\/?p=132005"},"modified":"2010-07-22T17:45:16","modified_gmt":"2010-07-22T15:45:16","slug":"aide-pour-impala-discrimination-sexuelle","status":"publish","type":"post","link":"https:\/\/www.monblogdefille.com\/blog\/aide-pour-impala-discrimination-sexuelle\/","title":{"rendered":"Aide pour Impala, discrimination sexuelle"},"content":{"rendered":"<p>\u00ab\u00a0Bonjour \u00e0 toutes les filles,<\/p>\n<p>Je fais appel \u00e0 vous pour et \u00e0 votre exp\u00e9rience dans un cas qui concerne la discrimination li\u00e9e au sexe au travail.<\/p>\n<p>Pour r\u00e9sumer les choses, apr\u00e8s mon entretien annuel d&rsquo;\u00e9valuation, mon cas, comme celui de chacun, a \u00e9t\u00e9 discut\u00e9 en comit\u00e9 de direction \u00e9largi (je n&rsquo;\u00e9tais donc pas pr\u00e9sente) ; et l\u00e0, d&rsquo;apr\u00e8s les propos qui m&rsquo;ont \u00e9t\u00e9 rapport\u00e9s, des commentaires n&rsquo;ayant aucun rapport avec le sujet mais avec l&rsquo;aspect physique ont \u00e9t\u00e9 faits. Je ne pr\u00e9f\u00e8re pas expliciter la teneur de ces propos, d&rsquo;abord parce que cela n&rsquo;en vaut pas vraiment la peine, ensuite par peur qu&rsquo;ils soient reconnus (je sais que c&rsquo;est un peu parano mais on ne sait jamais !). J&rsquo;estime que ce sont des commentaires sexistes car ils ont \u00e9t\u00e9 exprim\u00e9s de mani\u00e8re vulgaire et que ce n&rsquo;est vraiment pas le genre de choses que l&rsquo;on dirait d&rsquo;un homme.<\/p>\n<p>Je n&rsquo;ai pas vraiment l&rsquo;intention de laisser passer cela et en outre, il se trouve que j&rsquo;ai envie de quitter ma bo\u00eete donc cela pourrait me donner des arguments pour appuyer ma sortie.<br \/>\nJe voudrais savoir si certaines d&rsquo;entre vous, confront\u00e9es \u00e0 ce genre de choses, ont laiss\u00e9 passer ou ont r\u00e9agi ? Et si oui, de quelle mani\u00e8re ? Etes-vous all\u00e9e voir votre patron pour lui dire que ce genre de choses \u00e9tait inadmissible, avez-vous eu un recours l\u00e9gal, avez-vous utilis\u00e9 cela comme moyen de pression ?&#8230;<\/p>\n<p>Est-ce que certaines sont all\u00e9es jusqu&rsquo;\u00e0 saisir la Halde ? Sinc\u00e8rement, j&rsquo;y pense. La seule chose c&rsquo;est que pour la Halde, il faut prouver qu&rsquo;il y a eu discrimination, il ne s&rsquo;agit pas simplement de relever des propos injurieux ; il y a peut-\u00eatre discrimination, car par rapport \u00e0 l&rsquo;autre coll\u00e8gue, masculin, qui est rentr\u00e9 en m\u00eame temps que moi, je n&rsquo;ai pas \u00e9t\u00e9 promue. Eh oui, nous sommes une petite bo\u00eete et comme il n&rsquo;y a qu&rsquo;un coll\u00e8gue avec la m\u00eame anciennet\u00e9 que moi, c&rsquo;est difficile, mes employeurs pouvant toujours me r\u00e9torquer que je n&rsquo;ai pas \u00e9t\u00e9 promue sur des crit\u00e8res objectifs. Enfin bref, je suis en train d&rsquo;essayer de rassembler des t\u00e9moignages qui pourraient m&rsquo;appuyer.<br \/>\nSi vous avez saisi la Halde, comment cela s&rsquo;est-il pass\u00e9 ? Il para\u00eet que tous les dossiers ne sont pas examin\u00e9s (je ne sais pas si c&rsquo;est vrai) et que les proc\u00e9dures sont tr\u00e8s longues.<\/p>\n<p>Merci d&rsquo;avance pour vos t\u00e9moignages et votre aide :)<\/p>\n<p>Si vous pr\u00e9f\u00e9rez communiquer en priv\u00e9, je pense qu&rsquo;H\u00e9l\u00e8ne pourra me transmettre votre adresse mail (j&rsquo;aurais bien \u00e9crit l&rsquo;inverse, \u00ab\u00a0vous transmettre mon adresse mail\u00a0\u00bb, mais comme je n&rsquo;ai encore rien dit dans ma bo\u00eete, sur ce coup je pr\u00e9f\u00e8re pr\u00e9server au maximum mon anonymat).<\/p>\n<p>Bonne journ\u00e9e !<\/p>\n<p>Sign\u00e9 : Impala\u00a0\u00bb<\/p>\n","protected":false},"excerpt":{"rendered":"<p><img loading=\"lazy\" decoding=\"async\" class=\"alignnone size-full wp-image-123889\" title=\"wanted3\" src=\"http:\/\/www.monblogdefille.com\/blog\/wp-content\/uploads\/2008\/03\/wanted3.jpg\" alt=\"wanted3\" width=\"166\" height=\"200\" \/><\/p>\n","protected":false},"author":3,"featured_media":0,"comment_status":"open","ping_status":"open","sticky":false,"template":"","format":"standard","meta":{"footnotes":""},"categories":[20012,1502],"tags":[],"class_list":["post-132005","post","type-post","status-publish","format-standard","hentry","category-brol-divers","category-wanted"],"_links":{"self":[{"href":"https:\/\/www.monblogdefille.com\/blog\/wp-json\/wp\/v2\/posts\/132005","targetHints":{"allow":["GET"]}}],"collection":[{"href":"https:\/\/www.monblogdefille.com\/blog\/wp-json\/wp\/v2\/posts"}],"about":[{"href":"https:\/\/www.monblogdefille.com\/blog\/wp-json\/wp\/v2\/types\/post"}],"author":[{"embeddable":true,"href":"https:\/\/www.monblogdefille.com\/blog\/wp-json\/wp\/v2\/users\/3"}],"replies":[{"embeddable":true,"href":"https:\/\/www.monblogdefille.com\/blog\/wp-json\/wp\/v2\/comments?post=132005"}],"version-history":[{"count":0,"href":"https:\/\/www.monblogdefille.com\/blog\/wp-json\/wp\/v2\/posts\/132005\/revisions"}],"wp:attachment":[{"href":"https:\/\/www.monblogdefille.com\/blog\/wp-json\/wp\/v2\/media?parent=132005"}],"wp:term":[{"taxonomy":"category","embeddable":true,"href":"https:\/\/www.monblogdefille.com\/blog\/wp-json\/wp\/v2\/categories?post=132005"},{"taxonomy":"post_tag","embeddable":true,"href":"https:\/\/www.monblogdefille.com\/blog\/wp-json\/wp\/v2\/tags?post=132005"}],"curies":[{"name":"wp","href":"https:\/\/api.w.org\/{rel}","templated":true}]}}